{"id":1084,"date":"2024-12-25T12:49:44","date_gmt":"2024-12-25T12:49:44","guid":{"rendered":"https:\/\/www.savitaspasaulis.lt\/index.php\/2024\/12\/25\/sausi-planuojama-skelbti-nauja-konkursa-i-kalbos-inspekcijos-vadovo-pareigas-kas-vyksta-kaune\/"},"modified":"2024-12-25T12:49:44","modified_gmt":"2024-12-25T12:49:44","slug":"sausi-planuojama-skelbti-nauja-konkursa-i-kalbos-inspekcijos-vadovo-pareigas-kas-vyksta-kaune","status":"publish","type":"post","link":"https:\/\/www.savitaspasaulis.lt\/index.php\/2024\/12\/25\/sausi-planuojama-skelbti-nauja-konkursa-i-kalbos-inspekcijos-vadovo-pareigas-kas-vyksta-kaune\/","title":{"rendered":"Saus\u012f planuojama skelbti nauj\u0105 konkurs\u0105 \u012f Kalbos inspekcijos vadovo pareigas \u2013 Kas vyksta Kaune"},"content":{"rendered":"<p> <br \/>\n<\/p>\n<div>\n<p><strong>Saus\u012f planuojama skelbti nauj\u0105 konkurs\u0105 Valstybin\u0117s kalbos inspekcijos vadovo pareigoms eiti.<\/strong><\/p>\n<p>Tai BNS patvirtino Vie\u0161ojo valdymo agent\u016bra.<\/p>\n<p>Kadencij\u0105 baig\u0119s kult\u016bros ministras Simonas Kairys BNS sak\u0117, kad ankstesnis konkursas, kuriame dalyvavo vienintelis dabartinis inspekcijos vadovas Audrius Valotka, ne\u012fvyko.<\/p>\n<p>\u201eVienas konkursas ne\u012fvyko, ponas Valotka baigs kadencij\u0105 ir nauja ministerijos vadovyb\u0117 kartu su Vie\u0161ojo valdymo agent\u016bra tur\u0117s skelbti nauj\u0105 konkurs\u0105 ir ie\u0161koti naujo vadovo\u201c, \u2013 teig\u0117 S. Kairys.<\/p>\n<p>Jis tvirtino nesutink\u0105s su kritika, kad tur\u0117jo paskirti A. Valotk\u0105 naujai kadencijai, nepaisant to, jog konkurse dalyvavo vienas asmuo.<\/p>\n<p>\u201eMinistras n\u0117ra notaras, tos (konkurso \u2013 BNS) komisijos sprendimas tiesiog pasiun\u010dia \u017eini\u0105, kad tau atrenka \u017emones, su kuriais kalb\u0117tis, bet kai pasirinkimas yra vienas i\u0161 vieno ne tik ministrui kalb\u0117tis, bet ir pa\u010dioje Vie\u0161ojo valdymo agent\u016broje vykdant konkurs\u0105, tokiu atveju a\u0161 tiesiog gal\u0117jau ponui Valotkai prat\u0119sti kadencij\u0105 be konkurso, bet to nepadariau, nes matau situacij\u0105 kitaip\u201c, \u2013 sak\u0117 S. Kairys.<\/p>\n<p>\u201eManau, kad \u010dia yra ma\u017ea drama, o naujai ministerijos vadovybei labai linkiu i\u0161laikyti atvirumo, konkurencijos principus ir stengtis, kad konkurse b\u016bt\u0173 daugiau dalyvi\u0173\u201c, \u2013 prid\u016br\u0117 jis.<\/p>\n<p>Naujasis kult\u016bros ministras \u0160ar\u016bnas Birutis pripa\u017e\u012fsta, kad \u0161iuo atveju grei\u010diausiai teks skelbti nauj\u0105 konkurs\u0105, bet teigia nepritariantis praktikai, kai konkurso komisijos atrinktas kandidatas neskiriamas \u012f pareigas.<\/p>\n<p>\u201e\u010cia gali suveikti asmenin\u0117s simpatijos ir antipatijos, tod\u0117l man atrodo keistai, vadinasi, nepasitiki komisija\u201c, \u2013 BNS sak\u0117 jis.<\/p>\n<p>\u201eA\u0161 taip nesielg\u010diau. Tu paneigi komisijos kompetencij\u0105. Tokiu atveju reikia tur\u0117ti labai ai\u0161kius argumentus, juk kai vertinamas pretendentas, vertinama viskas, ne tik jo \u017einios, bet ir elgesys, laikysena, vienokia ar kitokia pozicija. Negi dabar vienas ministras yra vir\u0161esnis u\u017e vis\u0105 kompetenting\u0105 nepriklausom\u0105 komisij\u0105 ir gali pasakyti: ne, visiems tiko, bet man netinka. A\u0161 manau, kad tai yra klaida\u201c, \u2013 tvirtino \u0160. Birutis.<\/p>\n<p>Tuo metu S. Kairys sak\u0117 mat\u0105s tam tikr\u0105 \u201eu\u017epelk\u0117jim\u0105\u201c \u0161ioje srityje, tod\u0117l naujas vadovas gal\u0117t\u0173 atne\u0161ti permain\u0173.<\/p>\n<p>\u201eLabai nor\u0117t\u0173si, kad b\u016bt\u0173 i\u0161laikyti principai arba bent atkreiptas d\u0117mesys \u012f problem\u0105, kuri\u0105 steng\u0117m\u0117s indikuoti, matydami vis\u0105 proces\u0105, kad valstybin\u0117s kalbos tema yra u\u017edaryta i\u0161 esm\u0117s keli\u0173 asmen\u0173 vaidmeny. Mes tikrai nesakome, kad A. Valotka kaip vadovas yra labai blogas, nes sakome, kad \u0161itas sektorius yra \u0161iek tiek u\u017epelk\u0117j\u0119s ir stovint\u012f vanden\u012f gal\u0117t\u0173 i\u0161judinti ir kit\u0173 kandidat\u016br\u0173 atsiradimas\u201c, \u2013 kalb\u0117jo S. Kairys.<\/p>\n<p>Pirmas konkursas \u012f Valstybin\u0117s kalbos inspekcijos vir\u0161ininko pareigas paskelbtas liepos prad\u017eioje. Tuomet nesulaukta pretendent\u0173 \u012f \u0161ias pareigas, tod\u0117l m\u0117nesio viduryje patikslinus specialiuosius reikalavimus d\u0117l i\u0161silavinimo, paskelbta nauja atranka.<\/p>\n<p>Vie\u0161ojo valdymo agent\u016bra rugpj\u016b\u010dio viduryje skelb\u0117 sulaukusi penki\u0173 pretendent\u0173 pra\u0161ym\u0173 dalyvauti Kalbos inspekcijos vadovo konkurse, ta\u010diau galiausiai atrankoje liko vienas dalyvis \u2013 A. Valotka. <\/p>\n<p>Kalbos inspekcijos vadovas yra ne kart\u0105 sulauk\u0119s dabar jau buvusio kult\u016bros ministro S. Kairio kritikos d\u0117l savo vie\u0161\u0173 pasisakym\u0173 ir raginimo trauktis i\u0161 pareig\u0173. A. Valotkai taip pat skirtos dvi pastabos.<\/p>\n<p>Viena \u2013 u\u017e tai, kad dalyvaudamas konferencijoje REDA parei\u0161k\u0117, jog pave\u017e\u0117jai Lietuvoje kalba \u201eka\u017ekokiomis \u010diurk\u0173 kalbomis\u201c. A. Valotka v\u0117liau teig\u0117 nor\u0117j\u0119s pasakyti \u201etiurk\u0173\u201c, ta\u010diau netinkamai i\u0161tar\u0117 \u0161\u012f \u017eod\u012f. Kita \u2013 u\u017e tai, kad LRT radijo laidoje Vilniaus rajone gyvenan\u010di\u0173 lenk\u0173 tautyb\u0117s gyventoj\u0173 nor\u0105 tur\u0117ti u\u017era\u0161us gimt\u0105ja kalba jis palygino su situacija rus\u0173 okupuotame Ukrainos Donbaso regione.<\/p>\n<p>A. Valotkos penkeri\u0173 met\u0173 kadencija baigsis kit\u0173 met\u0173 saus\u012f.<\/p>\n<p>Nuo 1990-\u0173j\u0173 veikianti Valstybin\u0117 kalbos inspekcija pri\u017ei\u016bri, kaip laikomasi Valstybin\u0117s kalbos \u012fstatymo, Valstybin\u0117s lietuvi\u0173 kalbos komisijos nutarim\u0173 ir kit\u0173 teis\u0117s akt\u0173, nustatan\u010di\u0173 valstybin\u0117s kalbos vartojimo ir taisyklingumo reikalavimus.<\/p>\n<p>Ji taip pat konsultuoja pilie\u010dius, valstyb\u0117s ir savivaldybi\u0173 institucijas bei verslo \u012fmones kalbos vartojimo ir taisyklingumo klausimais, atlieka prevencin\u012f darb\u0105 informuojant, \u0161vie\u010diant visuomen\u0119.<\/p>\n<\/p><\/div>\n<p><br \/>\n<br \/><a href=\"https:\/\/kaunas.kasvyksta.lt\/2024\/12\/25\/lietuvoje\/sausi-planuojama-skelbti-nauja-konkursa-i-kalbos-inspekcijos-vadovo-pareigas\/\">Source link <\/a><\/p>\n","protected":false},"excerpt":{"rendered":"<p>Saus\u012f planuojama skelbti nauj\u0105 konkurs\u0105 Valstybin\u0117s kalbos inspekcijos vadovo pareigoms eiti. Tai BNS patvirtino Vie\u0161ojo valdymo agent\u016bra. Kadencij\u0105 baig\u0119s kult\u016bros ministras Simonas Kairys BNS sak\u0117, kad ankstesnis konkursas, kuriame dalyvavo vienintelis dabartinis inspekcijos vadovas Audrius Valotka, ne\u012fvyko. \u201eVienas konkursas ne\u012fvyko, ponas Valotka baigs kadencij\u0105 ir nauja ministerijos vadovyb\u0117 kartu su Vie\u0161ojo valdymo agent\u016bra tur\u0117s skelbti [&hellip;]<\/p>\n","protected":false},"author":1,"featured_media":1085,"comment_status":"","ping_status":"","sticky":false,"template":"","format":"standard","meta":{"om_disable_all_campaigns":false,"_monsterinsights_skip_tracking":false,"_monsterinsights_sitenote_active":false,"_monsterinsights_sitenote_note":"","_monsterinsights_sitenote_category":0,"footnotes":""},"categories":[265],"tags":[1934,1933,53,289,1932,588,400,1930,1929,1931,1935,868],"class_list":["post-1084","post","type-post","status-publish","format-standard","has-post-thumbnail","hentry","category-salies-naujienos","tag-inspekcijos","tag-kalbos","tag-kas","tag-kaune","tag-konkursa","tag-nauja","tag-pareigas","tag-planuojama","tag-sausi","tag-skelbti","tag-vadovo","tag-vyksta"],"aioseo_notices":[],"_links":{"self":[{"href":"https:\/\/www.savitaspasaulis.lt\/index.php\/wp-json\/wp\/v2\/posts\/1084","targetHints":{"allow":["GET"]}}],"collection":[{"href":"https:\/\/www.savitaspasaulis.lt\/index.php\/wp-json\/wp\/v2\/posts"}],"about":[{"href":"https:\/\/www.savitaspasaulis.lt\/index.php\/wp-json\/wp\/v2\/types\/post"}],"author":[{"embeddable":true,"href":"https:\/\/www.savitaspasaulis.lt\/index.php\/wp-json\/wp\/v2\/users\/1"}],"replies":[{"embeddable":true,"href":"https:\/\/www.savitaspasaulis.lt\/index.php\/wp-json\/wp\/v2\/comments?post=1084"}],"version-history":[{"count":0,"href":"https:\/\/www.savitaspasaulis.lt\/index.php\/wp-json\/wp\/v2\/posts\/1084\/revisions"}],"wp:featuredmedia":[{"embeddable":true,"href":"https:\/\/www.savitaspasaulis.lt\/index.php\/wp-json\/wp\/v2\/media\/1085"}],"wp:attachment":[{"href":"https:\/\/www.savitaspasaulis.lt\/index.php\/wp-json\/wp\/v2\/media?parent=1084"}],"wp:term":[{"taxonomy":"category","embeddable":true,"href":"https:\/\/www.savitaspasaulis.lt\/index.php\/wp-json\/wp\/v2\/categories?post=1084"},{"taxonomy":"post_tag","embeddable":true,"href":"https:\/\/www.savitaspasaulis.lt\/index.php\/wp-json\/wp\/v2\/tags?post=1084"}],"curies":[{"name":"wp","href":"https:\/\/api.w.org\/{rel}","templated":true}]}}