{"id":1119,"date":"2024-12-29T12:52:42","date_gmt":"2024-12-29T12:52:42","guid":{"rendered":"https:\/\/www.savitaspasaulis.lt\/index.php\/2024\/12\/29\/mokytojo-profesijos-prestizas-neatitinka-realybes-kas-vyksta-kaune\/"},"modified":"2024-12-29T12:52:42","modified_gmt":"2024-12-29T12:52:42","slug":"mokytojo-profesijos-prestizas-neatitinka-realybes-kas-vyksta-kaune","status":"publish","type":"post","link":"https:\/\/www.savitaspasaulis.lt\/index.php\/2024\/12\/29\/mokytojo-profesijos-prestizas-neatitinka-realybes-kas-vyksta-kaune\/","title":{"rendered":"mokytojo profesijos presti\u017eas neatitinka realyb\u0117s \u2013 Kas vyksta Kaune"},"content":{"rendered":"<p> <br \/>\n<\/p>\n<div>\n<p><strong>Nuo Nauj\u0173j\u0173 met\u0173 mokytojo profesijai turint tapti presti\u017eine, \u0161vietimo, mokslo ir sporto ministr\u0117 Raminta Popovien\u0117 abejoja, kad \u0161i \u201eId\u0117ja Lietuvai\u201c iniciatyva buvo \u012fgyvendinta.<\/strong><\/p>\n<p>\u201e\u0160iandien mokytojai patiria labai daug i\u0161\u0161\u016bki\u0173, turi daug \u012ftampos, streso. Tas pavadinimas \u201epresti\u017ein\u0117\u201c neatitinka \u0161iandienos situacijos\u201c, \u2013 Eltai teig\u0117 R. Popovien\u0117.<\/p>\n<p>Visgi, ministr\u0117 d\u0117l ne\u012fgyvendinto tikslo neskuba kritikuoti konservatori\u0173 Vyriausyb\u0117s.<\/p>\n<p>\u201eNenor\u0117\u010diau kritikuoti ar sakyti ka\u017ekoki\u0173 pastab\u0173, buvo tikrai nema\u017eai ir darb\u0173 atlikta. \u010cia visas kompleksas priemoni\u0173, kuris l\u0117m\u0117, kad 2025 metais dar turime labai daug i\u0161\u0161\u016bki\u0173. Bet, kaip ir min\u0117jau, tie i\u0161\u0161\u016bkiai ir lemia (kad profesija n\u0117ra presti\u017ein\u0117 \u2013 ELTA)\u201c, \u2013 d\u0117st\u0117 ji.<\/p>\n<p>R. Popovien\u0117s vertinimu, \u0161iuo metu reikia siekti, kad mokytojo profesija b\u016bt\u0173 ne presti\u017ein\u0117, o gerbiama ir \u012fvertinta.<\/p>\n<p>\u201eTam, kad mokytojai i\u0161 ties\u0173 jaust\u0173si gerai, vis\u0173 pirma reikia visuomen\u0117s palaikymo, mokytojo darbo \u012fvertinimo. Manau, kad \u017eingsnis po \u017eingsnio ir pridedant politinius sprendimus, ir finansinius sprendimus, turime eiti link to, kad mokytojo profesija b\u016bt\u0173 ne kiek presti\u017ein\u0117, bet tiesiog gerbiama ir \u012fvertinta\u201c, \u2013 svarst\u0117 ministr\u0117.<\/p>\n<p>\u201ePirmiausia, turime i\u0161girsti, bendrauti, kalb\u0117ti, o tuos sprendimus v\u0117liau bus lengviau rasti\u201c, \u2013 akcentavo ji.<\/p>\n<p>Dar 2018 m. \u0160vietimo, mokslo ir sporto ministerijoje (\u0160MSM) vykusioje diskusijoje \u201eMokytojas \u2013 presti\u017ein\u0117 profesija iki 2025 met\u0173\u201c buvo i\u0161skirtos pagrindin\u0117s darb\u0173 kryptis: mokytoj\u0173 rengimo ir profesinio augimo pertvarka, mokytoj\u0173 darbo apmok\u0117jimo ir mokykl\u0173 finansavimo pertvarka, palankios s\u0105lygos mokytojams laisvai ir k\u016brybi\u0161kai dirbti, nauji ugdymo metodai ir priemon\u0117s, ugdymo turinio per\u017ei\u016bra.<\/p>\n<p>ELTA primena, kad \u201eId\u0117ja Lietuvai\u201c iniciatyva prasid\u0117jo dar 2017 m. ruden\u012f ir kviet\u0117 visuomen\u0119 teikti id\u0117jas, kaip kurti klestin\u010di\u0105 valstyb\u0119 ateities kartoms.<br \/>V\ufeffiena id\u0117j\u0173 \u2013 tikslas mokytojo profesij\u0105 paversti presti\u017eine iki 2025 m.<\/p>\n<\/p><\/div>\n<p><br \/>\n<br \/><a href=\"https:\/\/kaunas.kasvyksta.lt\/2024\/12\/29\/mokslas-ir-it\/r-popoviene-mokytojo-profesijos-prestizas-neatitinka-realybes\/\">Source link <\/a><\/p>\n","protected":false},"excerpt":{"rendered":"<p>Nuo Nauj\u0173j\u0173 met\u0173 mokytojo profesijai turint tapti presti\u017eine, \u0161vietimo, mokslo ir sporto ministr\u0117 Raminta Popovien\u0117 abejoja, kad \u0161i \u201eId\u0117ja Lietuvai\u201c iniciatyva buvo \u012fgyvendinta. \u201e\u0160iandien mokytojai patiria labai daug i\u0161\u0161\u016bki\u0173, turi daug \u012ftampos, streso. Tas pavadinimas \u201epresti\u017ein\u0117\u201c neatitinka \u0161iandienos situacijos\u201c, \u2013 Eltai teig\u0117 R. Popovien\u0117. Visgi, ministr\u0117 d\u0117l ne\u012fgyvendinto tikslo neskuba kritikuoti konservatori\u0173 Vyriausyb\u0117s. \u201eNenor\u0117\u010diau kritikuoti [&hellip;]<\/p>\n","protected":false},"author":1,"featured_media":1120,"comment_status":"","ping_status":"","sticky":false,"template":"","format":"standard","meta":{"om_disable_all_campaigns":false,"_monsterinsights_skip_tracking":false,"_monsterinsights_sitenote_active":false,"_monsterinsights_sitenote_note":"","_monsterinsights_sitenote_category":0,"footnotes":""},"categories":[265],"tags":[53,289,1996,1999,1998,1997,2000,868],"class_list":["post-1119","post","type-post","status-publish","format-standard","has-post-thumbnail","hentry","category-salies-naujienos","tag-kas","tag-kaune","tag-mokytojo","tag-neatitinka","tag-prestizas","tag-profesijos","tag-realybes","tag-vyksta"],"aioseo_notices":[],"_links":{"self":[{"href":"https:\/\/www.savitaspasaulis.lt\/index.php\/wp-json\/wp\/v2\/posts\/1119","targetHints":{"allow":["GET"]}}],"collection":[{"href":"https:\/\/www.savitaspasaulis.lt\/index.php\/wp-json\/wp\/v2\/posts"}],"about":[{"href":"https:\/\/www.savitaspasaulis.lt\/index.php\/wp-json\/wp\/v2\/types\/post"}],"author":[{"embeddable":true,"href":"https:\/\/www.savitaspasaulis.lt\/index.php\/wp-json\/wp\/v2\/users\/1"}],"replies":[{"embeddable":true,"href":"https:\/\/www.savitaspasaulis.lt\/index.php\/wp-json\/wp\/v2\/comments?post=1119"}],"version-history":[{"count":0,"href":"https:\/\/www.savitaspasaulis.lt\/index.php\/wp-json\/wp\/v2\/posts\/1119\/revisions"}],"wp:featuredmedia":[{"embeddable":true,"href":"https:\/\/www.savitaspasaulis.lt\/index.php\/wp-json\/wp\/v2\/media\/1120"}],"wp:attachment":[{"href":"https:\/\/www.savitaspasaulis.lt\/index.php\/wp-json\/wp\/v2\/media?parent=1119"}],"wp:term":[{"taxonomy":"category","embeddable":true,"href":"https:\/\/www.savitaspasaulis.lt\/index.php\/wp-json\/wp\/v2\/categories?post=1119"},{"taxonomy":"post_tag","embeddable":true,"href":"https:\/\/www.savitaspasaulis.lt\/index.php\/wp-json\/wp\/v2\/tags?post=1119"}],"curies":[{"name":"wp","href":"https:\/\/api.w.org\/{rel}","templated":true}]}}