{"id":1135,"date":"2024-12-31T12:56:40","date_gmt":"2024-12-31T12:56:40","guid":{"rendered":"https:\/\/www.savitaspasaulis.lt\/index.php\/2024\/12\/31\/esame-tarp-lyderiu-bet-nestinga-ir-issukiu-kas-vyksta-kaune\/"},"modified":"2024-12-31T12:56:40","modified_gmt":"2024-12-31T12:56:40","slug":"esame-tarp-lyderiu-bet-nestinga-ir-issukiu-kas-vyksta-kaune","status":"publish","type":"post","link":"https:\/\/www.savitaspasaulis.lt\/index.php\/2024\/12\/31\/esame-tarp-lyderiu-bet-nestinga-ir-issukiu-kas-vyksta-kaune\/","title":{"rendered":"esame tarp lyderi\u0173, bet nestinga ir i\u0161\u0161\u016bki\u0173 \u2013 Kas vyksta Kaune"},"content":{"rendered":"<p> <br \/>\n<\/p>\n<div>\n<p><strong>Kauno rajonas per metus v\u0117l gerokai paaugo: naujais stadionais, vaik\u0173 dar\u017eeliais, investicijomis ir gyventoj\u0173 skai\u010diumi. Jei 2023 m gruod\u017eio 3 d. Registr\u0173 centro duomenimis Kauno rajone gyvenam\u0105j\u0105 viet\u0105 buvo deklarav\u0119 114 t\u016bkst. 860 gyventoj\u0173, tai \u0161i\u0173 met\u0173 gruod\u017eio 3-i\u0105j\u0105 j\u0173 buvo jau 117 t\u016bkst. 382. V\u0117l spar\u010diausiai augo Domeikavos (12 163), Ringaud\u0173 (11 292), U\u017elied\u017ei\u0173 (10 633) Garliavos apylinki\u0173 (10 355), Garliavos (10 350) seni\u016bnijos. Apie praeinan\u010dius metus ir laukian\u010dius i\u0161\u0161\u016bkius kalbam\u0117s su Kauno rajono meru Valerijumi Mak\u016bnu.<\/strong><\/p>\n<p><strong>\u2013 Kuo \u0161ie metai Kauno rajono savivaldybei buvo ypatingi? Kas jus labiausiai nud\u017eiugino?<\/strong><\/p>\n<p>\u2013 Pirmiausiai \u2013 tai stabil\u016bs demografiniai rodikliai. Kauno rajone ir toliau kuriasi jaunos \u0161eimos. \u0160iemet pasveikinome beveik 1200 naujagimi\u0173. Manau, kad m\u016bs\u0173 kra\u0161to patrauklum\u0105 lemia ne tik gera geografin\u0117 pad\u0117tis, bet ir gyvenimo kokyb\u0117s rodikliai.<\/p>\n<p>Pagal Finans\u0173 ministerijos sudaryt\u0105 Lietuvos savivaldybi\u0173 gyvenimo kokyb\u0117s indeks\u0105 (GKI) Kauno rajonas kartu su Vilniaus, Kauno ir Klaip\u0117dos miestais bei Neringos kurortu patenka \u012f penketuk\u0105 savivaldybi\u0173, kuriose gyvenimo kokyb\u0117s rodikliai yra geriausi. Pagal demografijos, pilietinio ir visuomeninio aktyvumo subindekso reik\u0161mes esame pirmi, o pagal materialines gyvenimo s\u0105lygas rikiuojam\u0117s tre\u010dioje vietoje. Turime net kelet\u0105 dideli\u0173 verslo zon\u0173, tod\u0117l pagal gyvenamosios aplinkos kokyb\u0119 su kurortais sunku lenktyniauti.<\/p>\n<p><strong>\u2013 U\u017etat galite d\u017eiaugtis verslo investicijomis?<\/strong><\/p>\n<p>\u2013 Nors geopolitin\u0117 situacija sud\u0117tinga, ta\u010diau investicijos \u012f Kauno rajon\u0105 nesustoja.  Karm\u0117lavos seni\u016bnijoje \u012fsik\u016brusioje laisvojoje ekonomin\u0117je zonoje (LEZ) prad\u0117jo veikti moderniausias Baltijos \u0161alyse greit\u0173 siunt\u0173 centras \u201eOmniva LT\u201c,  apskaitos prietaisus gaminanti \u201eAxioma Metering\u201c atidar\u0117 jau antr\u0105 gamykl\u0105, ple\u010diasi bald\u0173 gamintoja \u201eFreda\u201c, o bendros investicijos \u012f zon\u0105 siekia jau 1,56 mlrd. eur\u0173.<\/p>\n<p>Spar\u010diai ple\u010diasi ir oro uostas, kuris per artimiausius dvejus metus gal\u0117s priimti net du milijonus keleivi\u0173. Biruli\u0161k\u0117se besikuriantis did\u017eiausias Baltijos \u0161alyse \u201eUrban Hub\u201c prekybos miestelis taip pat daro \u012fsp\u016bd\u012f.<\/p>\n<p>\u017dinoma, verslo pl\u0117tr\u0105 ne visada lengva suderinti su vietos gyventoj\u0173 interesais. Nors atsiranda nauj\u0173 darbo viet\u0173, mokami mokes\u010diai, bet did\u0117ja oro tar\u0161a, transporto sp\u016bstys, triuk\u0161mas. Tai did\u017eiuliai i\u0161\u0161\u016bkiai, kuriuos stengiam\u0117s spr\u0119sti kartu su Susisiekimo ministerija, kitomis \u017einybomis, raginame versl\u0105 elgtis socialiai atsakingai. Rimt\u0173 transporto problem\u0173 turime ne tik Karm\u0117lavoje, bet ir Domeikavoje, Akademijos-Ringaud\u0173 aglomeracijoje.<\/p>\n<p><strong>\u2013 Jau tapo \u012fprasta matyti Kauno rajono savivaldyb\u0119 \u012fvertint\u0105 \u0161alies ir tarptautiniu mastu. Kokiose srityse buvote pasteb\u0117ti \u0161iemet?<\/strong><\/p>\n<p>\u2013 Peln\u0117me \u201eAuksin\u0119 kriv\u016bl\u0119\u201c nominacijoje u\u017e ind\u0117l\u012f \u012f socialiai jautri\u0173 grupi\u0173 integracij\u0105. Raudondvario dvaro direktor\u0117 Snieguol\u0117 Navickien\u0117 Kauno rajono savivaldybei parve\u017e\u0117 Europos kult\u016brinio turizmo tinklo apdovanojim\u0105, skirt\u0105 u\u017e dirbtinio intelekto ir kit\u0173 inovatyvi\u0173 technologij\u0173 taikym\u0105 pristatant paveld\u0105.<\/p>\n<figure id=\"attachment_800637\" aria-describedby=\"caption-attachment-800637\" style=\"width: 1023px\" class=\"wp-caption aligncenter\"><figcaption id=\"caption-attachment-800637\" class=\"wp-caption-text\">Kauno rajonas u\u017e socialin\u012f jautrum\u0105 peln\u0117 \u201eAuksin\u0119 kriv\u016bl\u0119\u201c \/ KRS nuotr.<\/figcaption><\/figure>\n<p>Buvo ir keletas asmenini\u0173 apdovanojim\u0173, kuriuos priimu kaip visos bendruomen\u0117s darb\u0173 \u012fvertinim\u0105. U\u017e pasteb\u0117tas iniciatyvas esu d\u0117kingas Kra\u0161to apsaugos ir Vidaus reikal\u0173 ministerijoms bei Kauno prekybos, pramon\u0117s ir amat\u0173 r\u016bmams. Dar maloniau, kai tavo pastangas \u012fvertina savojo kra\u0161to \u017emon\u0117s: pad\u0117koja u\u017e pastatyt\u0105 vaik\u0173 dar\u017eel\u012f, stadion\u0105 ar \u012frengt\u0105 park\u0105.<\/p>\n<p><strong>\u2013 \u0160ie metai buvo i\u0161skirtiniai visai Lietuvai, nes \u012fvyko net treji rinkimai: Prezidento, Europos Parlamento ir Seimo. Kaip jie pakeit\u0117 savivaldyb\u0117s darb\u0105?<\/strong><\/p>\n<p>\u2013 Pastarieji rinkimai Kauno rajono \u017emon\u0117ms buvo istoriniai, nes Seime jiems atstovaus visas b\u016brys m\u016bs\u0173 kra\u0161to politik\u0173, o Raudondvario apygardoje i\u0161rinkta Raminta Popovien\u0117 vadovaus \u0160vietimo, mokslo ir sporto ministerijai.  <\/p>\n<p>Garliavos apygardos rink\u0117jai Seimo nario mandat\u0105 patik\u0117jo Kauno rajono savivaldyb\u0117s administracijos direktoriui \u0160ar\u016bnui \u0160ukevi\u010diui. Pagal s\u0105ra\u0161\u0105 \u012f Seim\u0105 pateko ir vicemeras Paulius Visockas. Karm\u0117lavos ir Neveroni\u0173 seni\u016bnij\u0173 gyventojams atstovaus Orinta Leiput\u0117, Ka\u010dergin\u0117s, E\u017eer\u0117lio ir Zapy\u0161kio seni\u016bnijoms \u2013 Darius Jakavi\u010dius, Akademijos seni\u016bnijai \u2013 Robertas Kaunas.<\/p>\n<p>Visi \u0161ie rezultatai yra \u012fpareigojimas \u010dia i\u0161rinktiems politikams nepamir\u0161ti savo kra\u0161to ir su didele atsakomybe imtis darb\u0173, kuri\u0173 laukia Lietuvos \u017emon\u0117s.<\/p>\n<p><strong>\u2013 Netekote net trij\u0173 svarbi\u0173 komandos nari\u0173. Kaip ketinate u\u017epildyti \u0161ias spragas?<\/strong><\/p>\n<p>\u2013 M\u016bs\u0173 komandoje dera vyresniosios kartos patirtis ir jaunatvi\u0161ka energija, o gyvenimas i\u0161ugdo nauj\u0173 lyderi\u0173. Atsinaujinti mums \u012fprasta ir nesunku.<\/p>\n<p>Laikinai eiti Kauno rajono savivaldyb\u0117s administracijos direktoriaus pareigas paskyriau Mant\u0105 Rikter\u012f \u2013 jaun\u0105, bet jau nema\u017eai patirties sukaupus\u012f vadov\u0105. Iki \u0161iol jis kuravo komunalin\u012f \u016bk\u012f, urbanistik\u0105 ir aplinkosaug\u0105, tod\u0117l tikiu, kad susidoros ir su kitais i\u0161\u0161\u016bkiais. Komandoje svarb\u0173 vaidmen\u012f atlieka vicemeras Antanas Nesteckis, kurio ilgamet\u0117 patirtis ypa\u010d padeda, kai reikia spr\u0119sti sud\u0117tingas teritorij\u0173 planavimo, vandentvarkos, transporto problemas.<\/p>\n<p>Savivaldyb\u0117 spar\u010diai auga, tod\u0117l nuolat stipriname vadyb\u0105, optimizuojame valdym\u0105. \u0160iemet mano patar\u0117ju prad\u0117jo dirbti puikus aplinkosaugos specialistas, Valdo Adamkaus premijos laureatas Algirdas Reipas. Neseniai \u012fk\u016br\u0117me Kauno rajono sporto centr\u0105, kuris valdys vis\u0105 sporto infrastrukt\u016br\u0105. Ie\u0161kome tinkamo kandidato Keli\u0173 ir transporto skyriaus ved\u0117jo pareigoms u\u017eimti.<\/p>\n<figure id=\"attachment_743730\" aria-describedby=\"caption-attachment-743730\" style=\"width: 1800px\" class=\"wp-caption aligncenter\"><img loading=\"lazy\" decoding=\"async\" src=\"https:\/\/kaunas.kasvyksta.lt\/wp-content\/uploads\/2023\/09\/bac78967652560064466aa80d54e436c.jpg\" alt=\"\" width=\"1800\" height=\"1200\" class=\"size-full wp-image-743730\" srcset=\"https:\/\/kaunas.kasvyksta.lt\/wp-content\/uploads\/2023\/09\/bac78967652560064466aa80d54e436c.jpg 1800w, https:\/\/kaunas.kasvyksta.lt\/wp-content\/uploads\/2023\/09\/bac78967652560064466aa80d54e436c-300x200.jpg 300w\" sizes=\"auto, (max-width: 1800px) 100vw, 1800px\"\/><figcaption id=\"caption-attachment-743730\" class=\"wp-caption-text\">Raminta Popovien\u0117 \/ KRS nuotr.<\/figcaption><\/figure>\n<p><strong>\u2013 Koki\u0173 sprendim\u0173 tikit\u0117s i\u0161 naujojo Seimo ir Vyriausyb\u0117s?<\/strong><\/p>\n<p>\u2013 Pirmiausiai tikiuosi didesnio socialinio teisingumo ir tolygesn\u0117s gyvenimo kokyb\u0117s visiems m\u016bs\u0173 valstyb\u0117s pilie\u010diams. \u0160ias problemas ragina spr\u0119sti ir Prezidentas Gitanas Naus\u0117da. Viliuosi, kad naujoji Vyriausyb\u0117 labiau \u012fsigilins \u012f savivaldos problemas, atsigr\u0119\u0161 \u012f regionus, skirs daugiau d\u0117mesio jaunoms \u0161eimos, kuri\u0173 ypa\u010d daug kuriasi priemies\u010di\u0173 seni\u016bnijose. Senjor\u0173 netenkina ES kontekste itin kuklios pensijos. Suprantu, kad valstyb\u0117s biud\u017eetas yra ribotas, reikia didinti i\u0161laidas gynybai, ta\u010diau pajam\u0173 nelygyb\u0117 Lietuvoje yra viena did\u017eiausi\u0173 Europoje.<\/p>\n<p>Daug skauduli\u0173 susikaup\u0117 \u0161vietime. Gyvename dirbtinio intelekto am\u017eiuje, vis aktyviau naudojame STEAM, o \u0161tai vadov\u0117liais nesugebame apsir\u016bpinti. Priva\u010di\u0173 mokykl\u0173 skai\u010dius Lietuvoje spar\u010diai auga, ta\u010diau selektyvios atrankos ir i\u0161skirtini\u0173 s\u0105lyg\u0173 k\u016brimas \u0161ioms ugdymo \u012fstaigoms didina socialin\u0119 atskirt\u012f. Da\u017enai kartoju, kad \u0161vietimo sistema turi b\u016bti socialiai teisinga, nediskriminuojanti atokiose vietov\u0117se gyvenan\u010di\u0173 vaik\u0173, sudaranti vienodas galimybes tobul\u0117ti. Blogai, kad naikinamos nedidel\u0117s gimnazijos ir kuriamos mokyklos ant rat\u0173, kai \u0161imtus vaik\u0173 tenka ve\u017eioti mokykliniais autobusiukais.<\/p>\n<p>Kitas akivaizdus dalykas, kad Lietuvos savivaldyb\u0117s labai skiriasi savo dyd\u017eiu ir problemomis. Pavyzd\u017eiui, \u017eiedines Vilniaus, Kauno ir Klaip\u0117dos rajon\u0173 savivaldybes yra i\u0161tik\u0119s demografinis sprogimas, kai tuo metu daugelyje \u0161alies savivaldybi\u0173 gyventoj\u0173 skai\u010dius ma\u017e\u0117ja. Specifini\u0173 problem\u0173 turi ma\u017eos savivaldyb\u0117s, kurortai. Vyriausyb\u0117 turi matyti \u0161iuos skirtumus ir pagal tai atsakingai paskirstyti finansus.<\/p>\n<p><strong>\u2013 Kaip Kauno rajono savivaldyb\u0117s komandai sekasi spr\u0119sti socialines problemas?<\/strong><\/p>\n<p>\u2013 Esame draugi\u0161ka negaliai savivaldyb\u0117. Ple\u010diame socialini\u0173 paslaug\u0173 paket\u0105, siekiame, kad \u0161ias paslaugas gaut\u0173 kiekvienas, kuriam j\u0173 reikia. Didel\u012f darb\u0105 atlieka Kauno rajono socialini\u0173 paslaug\u0173 centras, kurio kolektyvas jau gali dalintis ger\u0105ja patirtimi su kitomis savivaldyb\u0117mis. Pamat\u0119 \u0161iuolaikin\u0119 infrastrukt\u016br\u0105 ir \u010dia teikiam\u0173 paslaug\u0173 \u012fvairov\u0119, nustemba net m\u016bs\u0173 partneriai i\u0161 turting\u0173 Europos \u0161ali\u0173 \u2013 Vokietijos, \u010cekijos. Ateityje skirsime dar daugiau d\u0117mesio jud\u0117jimo, reg\u0117jimo ir intelekto negali\u0105 turin\u010di\u0173 asmen\u0173 \u012ftraukimui \u012f \u012fvairias veiklas.<\/p>\n<p>Stengiam\u0117s skirti daugiau d\u0117mesio pa\u017eeid\u017eiamoms visuomen\u0117s grup\u0117ms. Juragiuose vasar\u0105 duris atv\u0117r\u0117 \u201eAkvilos\u201c grupinio gyvenimo namai, kuriuose \u012fsik\u016br\u0117 10 intelekto negali\u0105 turin\u010di\u0173 asmen\u0173. Tai jau tre\u010dia tokia \u012fstaiga Kauno rajone. Reikia d\u017eiaugtis, kad ne tik i\u0161sivys\u010diusiose ES \u0161alyse, bet ir Lietuvoje galime \u0161iems \u017emon\u0117ms suteikti daugiau saugumo, gera matyti, kad jie jau\u010diasi laimingesni.<\/p>\n<p>Kita m\u016bs\u0173 socialin\u0117s politikos kryptis nukreipta \u012f vaikus, kuriems stinga \u0161ilumos savo namuose. Telei\u010di\u0173 kaime jiems atidar\u0117me dar vienus \u0161eiminius namus. Siekdami apsaugoti jaunim\u0105 nuo \u017ealing\u0173 \u012fpro\u010di\u0173, kuriame specialias erdves, kuriose galima aktyviai leisti laik\u0105.<\/p>\n<p><strong>\u2013 Kur\u012f \u0161i\u0173 met\u0173 darb\u0105 laikote reik\u0161mingiausiu?<\/strong><\/p>\n<p>\u2013 Vertindamas darb\u0173 apimtis ir finansin\u0119 j\u0173 i\u0161rai\u0161k\u0105 i\u0161siskir\u010diau du objektus. Tai baigiamas statyti Akademijos VDU Ugn\u0117s Karvelis gimnazijos priestatas ir Raudondvario stadionas, kuriame jau \u017eaid\u017eiamos auk\u0161\u010diausio lygio futbolo rungtyn\u0117s, treniruojasi vaikai. Statyb\u0173 kranai i\u0161 \u0161i\u0173 vietovi\u0173 nesitrauks ir kit\u0105met \u2013 esame pasiry\u017e\u0119 rekonstruoti Raudondvario gimnazij\u0105 ir u\u017ebaigti VDU Ugn\u0117s Karvelis gimnazijos modernizavimo darbus.<\/p>\n<figure id=\"attachment_810067\" aria-describedby=\"caption-attachment-810067\" style=\"width: 1050px\" class=\"wp-caption aligncenter\"><img loading=\"lazy\" decoding=\"async\" src=\"https:\/\/kaunas.kasvyksta.lt\/wp-content\/uploads\/2024\/12\/846909e2248d1dc158ea2321cd10f6e3.jpg\" alt=\"\" width=\"1050\" height=\"700\" class=\"size-full wp-image-810067\" srcset=\"https:\/\/kaunas.kasvyksta.lt\/wp-content\/uploads\/2024\/12\/846909e2248d1dc158ea2321cd10f6e3.jpg 1050w, https:\/\/kaunas.kasvyksta.lt\/wp-content\/uploads\/2024\/12\/846909e2248d1dc158ea2321cd10f6e3-300x200.jpg 300w, https:\/\/kaunas.kasvyksta.lt\/wp-content\/uploads\/2024\/12\/846909e2248d1dc158ea2321cd10f6e3-1024x683.jpg 1024w, https:\/\/kaunas.kasvyksta.lt\/wp-content\/uploads\/2024\/12\/846909e2248d1dc158ea2321cd10f6e3-768x512.jpg 768w\" sizes=\"auto, (max-width: 1050px) 100vw, 1050px\"\/><figcaption id=\"caption-attachment-810067\" class=\"wp-caption-text\">Raudondvario stadionas \/ KRS nuotr.<\/figcaption><\/figure>\n<p>Kaip ir kasmet, daug investavome \u012f jauniausi\u0173 Kauno rajono gyventoj\u0173 gerov\u0119. Domeikavos lop\u0161elis dar\u017eelis \u201eUp\u0117\u201c nauj\u0105 sezon\u0105 prad\u0117jo dvigubai prapl\u0117t\u0119s erdves: greta senojo pastato \u012frengtame moduliniame priestate patalpinome dar 200 ma\u017e\u0173j\u0173 domeikavi\u0161ki\u0173. Ateityje vyriausi \u201eUp\u0117s\u201c aukl\u0117tiniai gal\u0117s keliauti \u012f nauj\u0105 pradin\u0119 mokykl\u0105, kuri\u0105 prad\u0117jome statyti \u0161alia Domeikavos gimnazijos esan\u010diame sklype.<\/p>\n<p>U\u017elied\u017eiuose dar\u017eelinukams \u0161iemet suk\u016br\u0117me 120 papildom\u0173 viet\u0173. Modernizuot\u0105 Girioni\u0173 dar\u017eel\u012f lanko irgi pana\u0161us skai\u010dius vaik\u0173. \u012estaiga \u012fsik\u016brusi gra\u017eioje aplinkoje, Kauno rajono regioninio parko rekreacin\u0117je zonoje. \u010cia vaikai supa\u017eindinami su juos supan\u010dia gamta, gali \u017eaisti, muzikuoti, klausytis inscenizuot\u0173 pasak\u0173 ir m\u0117gautis gaiviu pu\u0161yno oru.<\/p>\n<p>\u0160iuolaiki\u0161kuose patalpose netrukus \u012fsikurs Karm\u0117lavos \u201e\u017dilvi\u010dio\u201c, Piliuonos ir \u0160lienavos dar\u017eeli\u0173 aukl\u0117tiniai. Atid\u017eiai stebime demografines tendencijas visose seni\u016bnijose ir stengiam\u0117s pasir\u016bpinti visais Kauno rajono vaikais.<\/p>\n<p><strong>\u2013 Be \u0161vietimo, kokios dar problemos kelia r\u016bpes\u010di\u0173?<\/strong><\/p>\n<p>\u2013 Viena sud\u0117tingiausi\u0173 savivaldyb\u0117s funkcij\u0173 yra atliek\u0173 surinkimas ir perdirbimas. \u0160iame procese yra daug dalyvi\u0173: gyventojai, savivaldyb\u0117, atliek\u0173 tvarkytojai, sistemos administratoriai, o valstyb\u0117 teis\u0117s aktais tik \u012fveda u\u017eduotis, reikalavimus ir sankcijas.<\/p>\n<p>Yra sulau\u017eyta daug ie\u010di\u0173 gin\u010dijantis, kas \u0161ioje grandin\u0117je svarbiausia, bet akivaizdu, kad viskas prasideda nuo tinkamo r\u016b\u0161iavimo, nes tik po to gali prasid\u0117ti kiti atliek\u0173 tvarkymo procesai. \u0160iemet atsirado prievol\u0117 r\u016b\u0161iuoti ir maisto atliekas. Tenka pripa\u017einti, kad tai nelengva u\u017eduotis, tod\u0117l prad\u0117jome nuo pilotin\u0117s seni\u016bnijos, kuria tapo Neveronys.<\/p>\n<p>Planuojame \u012frengti dideli\u0173 gabarit\u0173 aik\u0161teli\u0173, kad viena gal\u0117t\u0173 priimti ma\u017edaug 15 t\u016bkst. gyventoj\u0173 atliekas ir nereik\u0117t\u0173 iki jos va\u017eiuoti daugiau kaip 15 km. Taip pat pl\u0117sime tekstil\u0117s atliek\u0173 surinkimo konteineri\u0173 tinkl\u0105. R\u016b\u0161iavimas yra kantryb\u0117s reikalaujantis dalykas, tod\u0117l tikim\u0117s gyventoj\u0173 supratimo.<\/p>\n<p>Norisi pad\u0117ti ir m\u016bs\u0173 kra\u0161to \u017eemdirbiams, tod\u0117l pirmieji Lietuvoje \u012fsteig\u0117me Melioracijos fond\u0105.<\/p>\n<p>Kita opi problema yra keliai, kuriems kasmet skiriame \u017eenkli\u0105 biud\u017eeto dal\u012f, ta\u010diau j\u0173 tinklas spar\u010diai auga. Didel\u0119 dal\u012f Kauno rajono keli\u0173 valdo AB \u201eVia Lietuva\u201c, tai rei\u0161kia, kad savivaldyb\u0117 labai priklauso nuo nacionalini\u0173 prioritet\u0173 ir projekt\u0173, kurie ne visada sutampa su savivaldyb\u0117s prioritetais, atsiranda derinimo kli\u016b\u010di\u0173. <\/p>\n<figure id=\"attachment_735735\" aria-describedby=\"caption-attachment-735735\" style=\"width: 1168px\" class=\"wp-caption aligncenter\"><img loading=\"lazy\" decoding=\"async\" src=\"https:\/\/kaunas.kasvyksta.lt\/wp-content\/uploads\/2023\/08\/3e169c3226ca40ea959b27390ae64bfc.jpg\" alt=\"\" width=\"1168\" height=\"1800\" class=\"size-full wp-image-735735\"\/><figcaption id=\"caption-attachment-735735\" class=\"wp-caption-text\">Smaragdiniai Kauno rajono autobusai \/ KRS nuotr.<\/figcaption><\/figure>\n<p>Kauno rajono savivaldyb\u0117 daug investavo \u012f vie\u0161\u0105j\u012f transport\u0105, kurio mar\u0161rutai padengia net 87 proc. teritorijos, t. y. daugiau nei reglamentuoja teis\u0117s aktai. Deja, vie\u0161uoju transportu link\u0119 naudotis tik ma\u017edaug 7 proc. gyventoj\u0173, kiti da\u017eniausiai renkasi automobilius. Kauno rajono savivaldyb\u0117s taryba patvirtino darnaus judumo plan\u0105 iki 2034 met\u0173. Tikim\u0117s, kad \u012fgyvendintos priemon\u0117s leis gerinti susisiekim\u0105, ma\u017einti sp\u016bstis ir oro tar\u0161\u0105. Kulautuva ir Ka\u010dergin\u0117 tur\u0117t\u0173 tapti netar\u0161iomis zonomis. Prie to prisid\u0117s \u017ealiojo transporto pl\u0117tra ir mokam\u0173 automobili\u0173 stov\u0117jimo aik\u0161teli\u0173 \u012frengimas \u0161i\u0173 miesteli\u0173 prieigose.<\/p>\n<p>Kauno miesto ir rajono gyvenimas labai persipyn\u0119s, tod\u0117l su kaimynais ie\u0161kome bendr\u0173 sprendim\u0173 jungdami dvira\u010di\u0173 takus, derindami mar\u0161rutus, viliuosi, kad pavyks sutarti ir d\u0117l vieningo bilieto.<\/p>\n<p>Dar viena aktualija \u2013 vandentvarka. Kauno rajono gyventojus aptarnauja dvi \u012fmon\u0117s \u2013 \u201eKauno vandenys\u201c ir \u201eGirait\u0117s vandenys\u201c, tod\u0117l kartais kyla nesusipratim\u0173 kas ir u\u017e k\u0105 atsakingas. Sutar\u0117me sukurti darbo grup\u0119, kuri per\u017ei\u016br\u0117t\u0173 besiribojan\u010dias teritorijas, \u012fvertint\u0173 infrastrukt\u016bros b\u016bkl\u0119 ir priimt\u0173 gyventojams palankius sprendimus.<\/p>\n<p><strong>\u2013 Kauno rajonas i\u0161siskiria gausiomis ir aktyviomis bendruomen\u0117mis. Kaip sekasi su jomis megzti ry\u0161ius?<\/strong><\/p>\n<p>\u2013 Bendruomen\u0117s yra Kauno rajono stipryb\u0117, be j\u0173 iniciatyv\u0173 ir aktyvaus dalyvavimo b\u016bt\u0173 sunku k\u0105 nors nuveikti. \u017dinoma, kaip ir kiekvienoje \u0161eimoje, pasitaiko visko. Kartais bendruomeni\u0173 vardu ima veikti vienas ar keli asmenys, kuriems viskas blogai, kad ir k\u0105 darytum. Daugiausiai tai jauni, reikl\u016bs \u017emon\u0117s, kurie nori gerov\u0117s \u010dia ir dabar, o \u012f galimybes nelink\u0119 gilintis. Esame politikai, tod\u0117l turime b\u016bti kantr\u016bs ir i\u0161klausyti kiekvien\u0105.<\/p>\n<p>Ta\u010diau tai \u2013 tik pavieniai atvejai. I\u0161 ties\u0173, bendros tendencijos yra labai geros. D\u017eiugina m\u016bs\u0173 kra\u0161to \u017emoni\u0173 k\u016brybi\u0161kumas, noras gra\u017einti aplink\u0105. Viena efektyviausi\u0173 gyventoj\u0173 \u012ftraukimo \u012f savivaldos reikalus form\u0173 yra dalyvaujamasis biud\u017eetas, kuriam per ketverius metus skyr\u0117me milijon\u0105 eur\u0173. Per t\u0105 laik\u0105 bendruomen\u0117s pasi\u016bl\u0117 net 79 id\u0117jas.<\/p>\n<p>Kad m\u016bs\u0173 bendruomen\u0117s yra gra\u017eios savo tradicijomis buvo galima \u012fsitikinti ir Lietuvos dain\u0173 \u0161vent\u0117je \u201eKad giria \u017ealiuot\u0173\u201c, kurioje dalyvavo net 52 Kauno rajono m\u0117g\u0117j\u0173 meno kolektyvai, daugiau kaip t\u016bkstantis \u0161ok\u0117j\u0173, daininink\u0173, tautodailinink\u0173. J\u0173 entuziazmas ir meil\u0117 savo kra\u0161tui yra tai, kas mane ypa\u010d \u017eavi ir jaudina.<\/p>\n<p><strong>\u2013 Ko nor\u0117tum\u0117te palink\u0117ti Kauno rajono \u017emon\u0117ms?<\/strong><\/p>\n<p>\u2013 Pirmiausiai nor\u0117\u010diau pad\u0117koti savo komandai ir visiems Kauno rajono \u017emon\u0117ms u\u017e puosel\u0117jamas tradicijas ir darbus, kurie daro m\u016bs\u0173 kra\u0161t\u0105 gra\u017eesn\u012f, jaukesn\u012f, patrauklesn\u012f. U\u017e tai, kad esame nuolat pastebimi ir vertinami.<\/p>\n<p>Visada esu link\u0119s galvoti, kad ateinantys metai bus geresni, nei praeinantys. Ir mano viltys da\u017eniausiai pasiteisina. \u0160ie metai buvo geri. Ta\u010diau gyvename neramiais laikais, pasaulyje daug\u0117ja chaoso, nerimo d\u0117l ateities, tod\u0117l linkiu visiems susitelkimo ir taikos. Linkiu, kad 2025-ieji b\u016bt\u0173 sklidini tik\u0117jimo, gra\u017eaus bendravimo ir prasming\u0173 darb\u0173.<\/p>\n<\/p><\/div>\n<p><br \/>\n<br \/><a href=\"https:\/\/kaunas.kasvyksta.lt\/2024\/12\/31\/rajonas\/kauno-rajono-v-makunas-esame-tarp-lyderiu-bet-nestinga-ir-issukiu\/\">Source link <\/a><\/p>\n","protected":false},"excerpt":{"rendered":"<p>Kauno rajonas per metus v\u0117l gerokai paaugo: naujais stadionais, vaik\u0173 dar\u017eeliais, investicijomis ir gyventoj\u0173 skai\u010diumi. Jei 2023 m gruod\u017eio 3 d. Registr\u0173 centro duomenimis Kauno rajone gyvenam\u0105j\u0105 viet\u0105 buvo deklarav\u0119 114 t\u016bkst. 860 gyventoj\u0173, tai \u0161i\u0173 met\u0173 gruod\u017eio 3-i\u0105j\u0105 j\u0173 buvo jau 117 t\u016bkst. 382. V\u0117l spar\u010diausiai augo Domeikavos (12 163), Ringaud\u0173 (11 292), U\u017elied\u017ei\u0173 [&hellip;]<\/p>\n","protected":false},"author":1,"featured_media":1136,"comment_status":"","ping_status":"","sticky":false,"template":"","format":"standard","meta":{"om_disable_all_campaigns":false,"_monsterinsights_skip_tracking":false,"_monsterinsights_sitenote_active":false,"_monsterinsights_sitenote_note":"","_monsterinsights_sitenote_category":0,"footnotes":""},"categories":[265],"tags":[967,98,2027,53,289,1971,2026,1104,868],"class_list":["post-1135","post","type-post","status-publish","format-standard","has-post-thumbnail","hentry","category-salies-naujienos","tag-bet","tag-esame","tag-issukiu","tag-kas","tag-kaune","tag-lyderiu","tag-nestinga","tag-tarp","tag-vyksta"],"aioseo_notices":[],"_links":{"self":[{"href":"https:\/\/www.savitaspasaulis.lt\/index.php\/wp-json\/wp\/v2\/posts\/1135","targetHints":{"allow":["GET"]}}],"collection":[{"href":"https:\/\/www.savitaspasaulis.lt\/index.php\/wp-json\/wp\/v2\/posts"}],"about":[{"href":"https:\/\/www.savitaspasaulis.lt\/index.php\/wp-json\/wp\/v2\/types\/post"}],"author":[{"embeddable":true,"href":"https:\/\/www.savitaspasaulis.lt\/index.php\/wp-json\/wp\/v2\/users\/1"}],"replies":[{"embeddable":true,"href":"https:\/\/www.savitaspasaulis.lt\/index.php\/wp-json\/wp\/v2\/comments?post=1135"}],"version-history":[{"count":0,"href":"https:\/\/www.savitaspasaulis.lt\/index.php\/wp-json\/wp\/v2\/posts\/1135\/revisions"}],"wp:featuredmedia":[{"embeddable":true,"href":"https:\/\/www.savitaspasaulis.lt\/index.php\/wp-json\/wp\/v2\/media\/1136"}],"wp:attachment":[{"href":"https:\/\/www.savitaspasaulis.lt\/index.php\/wp-json\/wp\/v2\/media?parent=1135"}],"wp:term":[{"taxonomy":"category","embeddable":true,"href":"https:\/\/www.savitaspasaulis.lt\/index.php\/wp-json\/wp\/v2\/categories?post=1135"},{"taxonomy":"post_tag","embeddable":true,"href":"https:\/\/www.savitaspasaulis.lt\/index.php\/wp-json\/wp\/v2\/tags?post=1135"}],"curies":[{"name":"wp","href":"https:\/\/api.w.org\/{rel}","templated":true}]}}