{"id":1187,"date":"2025-01-06T13:08:24","date_gmt":"2025-01-06T13:08:24","guid":{"rendered":"https:\/\/www.savitaspasaulis.lt\/index.php\/2025\/01\/06\/i-premjero-komanda-oficialiai-paskirta-12-nariu-kas-vyksta-kaune\/"},"modified":"2025-01-06T13:08:24","modified_gmt":"2025-01-06T13:08:24","slug":"i-premjero-komanda-oficialiai-paskirta-12-nariu-kas-vyksta-kaune","status":"publish","type":"post","link":"https:\/\/www.savitaspasaulis.lt\/index.php\/2025\/01\/06\/i-premjero-komanda-oficialiai-paskirta-12-nariu-kas-vyksta-kaune\/","title":{"rendered":"\u012e premjero komand\u0105 oficialiai paskirta 12 nari\u0173 \u2013 Kas vyksta Kaune"},"content":{"rendered":"<p> <br \/>\n<\/p>\n<div data-id=\"d523694\" data-element_type=\"widget\" data-widget_type=\"theme-post-content.default\">\n<p><strong>Pirmadien\u012f darb\u0105 premjero Gintauto Palucko komandoje oficialiai prad\u0117jo 12 nari\u0173.<\/strong><\/p>\n<p>Ministro pirmininko patar\u0117ju ekonomikos klausimais paskirtas\u00a0Gediminas \u010cerniauskas. Pastaraisiais metais jis bendradarbiavo rengiant knyg\u0105 apie Lietuvos socialin\u0119-ekonomin\u0119 raid\u0105 2004\u20132024 metais bei koordinavo Privalomojo sveikatos draudimo pl\u0117tros projekt\u0105 Azerbaid\u017eane.<\/p>\n<p>U\u017e socialin\u0117s politikos klausimus atsakinga patar\u0117ja paskirta Svetlana Tu\u010dk\u0117, anks\u010diau \u0117jusi Palangos miesto savivaldyb\u0117s tarybos nar\u0117s bei Seimo nario pad\u0117j\u0117jos pareigas.<\/p>\n<p>Evaldas Navickas\u00a0paskirtas premjero G. Palucko patar\u0117ju sveikatos klausimais. Jis iki \u0161iol vadovavo Vilniaus rajono poliklinikai, yra dirb\u0119s Jungtini\u0173 Amerikos Valstij\u0173 ir \u0160vedijos medicinos srities kompanijose.<\/p>\n<p>Darb\u0105 Vyriausyb\u0117s vadovo komandoje prad\u0117jo ir patar\u0117jas tarptautini\u0173 santyki\u0173 klausimais\u00a0K\u0119stutis\u202fKudzmanas. Nuo 2018 m. iki \u0161iol jis buvo Lietuvos u\u017esienio reikal\u0173 ministerijos I\u0161orini\u0173 ekonomini\u0173 santyki\u0173 ir ekonominio saugumo politikos departamento ambasadorius ypatingiems pavedimams.<\/p>\n<p>Patar\u0117ja kult\u016bros klausimais\u00a0tapo Edita\u202fUtarien\u0117,\u00a0vitra\u017eo, meninio \/ architekt\u016brinio stiklo dailinink\u0117, kult\u016bros vadybinink\u0117, iki \u0161iol \u0117jusi Lietuvos ra\u0161ytoj\u0173 s\u0105jungos vie\u0161osios \u012fstaigos \u201eKult\u016bros kvartalas\u201c direktor\u0117s bei Lietuvos radijo ir televizijos komisijos nar\u0117s pareigas.<\/p>\n<p>Vyriausyb\u0117s vadovui kult\u016bros klausimais taip pat patars\u00a0ir Matas\u202fDrukteinis, iki \u0161iol \u0117j\u0119s vie\u0161osios \u012fstaigos \u201eMeno genas\u201c direktoriaus pareigas. Nuo 2021 m. M. Drukteinis pirmininkauja Kult\u016bros vadybinink\u0173 asociacijai, yra Kult\u016bros ministerijos profesionalaus scenos meno \u012fstaig\u0173 tarybos bei Vyriausyb\u0117s M. K. \u010ciurlionio vardo ir k\u016brybos paveldo, \u012fprasminimo, aktualizavimo, pristatymo ir sklaidos koordinavimo tarpinstitucin\u0117s darbo grup\u0117s narys.<\/p>\n<p>G. Palucko patar\u0117ju energetikos klausimais paskirtas\u00a0Gabriel Gorba\u010devski. Jis iki \u0161iol buvo Lietuvos energetikos ata\u0161\u0117 ambasadoje Lenkijoje, \u0117jo \u0161io ata\u0161\u0117 pavaduotojo pareigas.<\/p>\n<p>Vyriausyb\u0117s kanclerio pirmuoju pavaduotoju G. Palucko komandoje dirba\u00a0u\u017e tarptautinius ry\u0161ius, u\u017esienio ir strateginius klausimus atsakingas Justas Pankauskas, iki \u0161io paskyrimo \u0117j\u0119s Lietuvos socialdemokrat\u0173 partijos atsakingojo sekretoriaus pareigas, dirb\u0119s premjero patar\u0117ju, vidaus reikal\u0173 ir teisingumo viceministru. <\/p>\n<p>E\ufeffLTA primena, jog kiek anks\u010diau, premjero darbo prad\u017eioje, paai\u0161k\u0117jo, jog patar\u0117ju ry\u0161i\u0173 su visuomene ir \u017einiasklaidos klausimais dirbs Justinas Argustas, iki paskyrimo vadovav\u0119s Lietuvos socialdemokrat\u0173 partijos Komunikacijos skyriui.<\/p>\n<p>Patar\u0117ju ry\u0161iams su valstyb\u0117s institucijomis paskirtas\u00a0Tadas Vinokuras, iki \u0161iol buv\u0119s Lietuvos socialdemokrat\u0173 partijos atstovu spaudai. T. Vinokuras buvo politikos patar\u0117jas ir sta\u017euotojas Europos Parlamento socialist\u0173 ir demokrat\u0173 politin\u0117je grup\u0117je Briuselyje, dirbo Seimo vicepirmininko bei Seimo nari\u0173 patar\u0117ju. <\/p>\n<p>Patar\u0117ju \u017eem\u0117s \u016bkio klausimais pra\u0117jus\u012f m\u0117nes\u012f paskirtas\u00a0Vigilijus Jukna, iki \u0161iol \u0117j\u0119s Vytauto Did\u017eiojo universiteto \u017dem\u0117s \u016bkio akademijos vyriausiojo mokslo darbuotojo bei Gyv\u016bn\u0173 produkcijos tyrim\u0173 ir inovacij\u0173 centro vadovo pareigas. 2020\u20132024 m. V. Jukna buvo Seimo Kaimo reikal\u0173 komiteto narys.<\/p>\n<p>Tuo metu tautini\u0173 bendrij\u0173 ir teis\u0117s klausimais, kaip paai\u0161k\u0117jo gruod\u012f, \u0161i\u0105 kadencij\u0105 patarin\u0117s iki \u0161iol Seimo patar\u0117jo pareigas \u0117j\u0119s Aleksandr Rad\u010denko, anks\u010diau dirb\u0119s ir prezidento patar\u0117ju, Vyriausyb\u0117s kanceliarijos Teis\u0117s departamento direktoriaus pavaduotoju, dienra\u0161\u010dio \u201eGazeta Wilenska\u201c vyriausiuoju redaktoriumi. <\/p>\n<\/p><\/div>\n<p><br \/>\n<br \/><a href=\"https:\/\/kaunas.kasvyksta.lt\/2025\/01\/06\/politika\/i-premjero-komanda-oficialiai-paskirta-12-nariu\/\">Source link <\/a><\/p>\n","protected":false},"excerpt":{"rendered":"<p>Pirmadien\u012f darb\u0105 premjero Gintauto Palucko komandoje oficialiai prad\u0117jo 12 nari\u0173. Ministro pirmininko patar\u0117ju ekonomikos klausimais paskirtas\u00a0Gediminas \u010cerniauskas. Pastaraisiais metais jis bendradarbiavo rengiant knyg\u0105 apie Lietuvos socialin\u0119-ekonomin\u0119 raid\u0105 2004\u20132024 metais bei koordinavo Privalomojo sveikatos draudimo pl\u0117tros projekt\u0105 Azerbaid\u017eane. U\u017e socialin\u0117s politikos klausimus atsakinga patar\u0117ja paskirta Svetlana Tu\u010dk\u0117, anks\u010diau \u0117jusi Palangos miesto savivaldyb\u0117s tarybos nar\u0117s bei Seimo [&hellip;]<\/p>\n","protected":false},"author":1,"featured_media":1011,"comment_status":"","ping_status":"","sticky":false,"template":"","format":"standard","meta":{"om_disable_all_campaigns":false,"_monsterinsights_skip_tracking":false,"_monsterinsights_sitenote_active":false,"_monsterinsights_sitenote_note":"","_monsterinsights_sitenote_category":0,"footnotes":""},"categories":[265],"tags":[53,289,2129,2131,2130,1374,2128,868],"class_list":["post-1187","post","type-post","status-publish","format-standard","has-post-thumbnail","hentry","category-salies-naujienos","tag-kas","tag-kaune","tag-komanda","tag-nariu","tag-oficialiai","tag-paskirta","tag-premjero","tag-vyksta"],"aioseo_notices":[],"_links":{"self":[{"href":"https:\/\/www.savitaspasaulis.lt\/index.php\/wp-json\/wp\/v2\/posts\/1187","targetHints":{"allow":["GET"]}}],"collection":[{"href":"https:\/\/www.savitaspasaulis.lt\/index.php\/wp-json\/wp\/v2\/posts"}],"about":[{"href":"https:\/\/www.savitaspasaulis.lt\/index.php\/wp-json\/wp\/v2\/types\/post"}],"author":[{"embeddable":true,"href":"https:\/\/www.savitaspasaulis.lt\/index.php\/wp-json\/wp\/v2\/users\/1"}],"replies":[{"embeddable":true,"href":"https:\/\/www.savitaspasaulis.lt\/index.php\/wp-json\/wp\/v2\/comments?post=1187"}],"version-history":[{"count":0,"href":"https:\/\/www.savitaspasaulis.lt\/index.php\/wp-json\/wp\/v2\/posts\/1187\/revisions"}],"wp:featuredmedia":[{"embeddable":true,"href":"https:\/\/www.savitaspasaulis.lt\/index.php\/wp-json\/wp\/v2\/media\/1011"}],"wp:attachment":[{"href":"https:\/\/www.savitaspasaulis.lt\/index.php\/wp-json\/wp\/v2\/media?parent=1187"}],"wp:term":[{"taxonomy":"category","embeddable":true,"href":"https:\/\/www.savitaspasaulis.lt\/index.php\/wp-json\/wp\/v2\/categories?post=1187"},{"taxonomy":"post_tag","embeddable":true,"href":"https:\/\/www.savitaspasaulis.lt\/index.php\/wp-json\/wp\/v2\/tags?post=1187"}],"curies":[{"name":"wp","href":"https:\/\/api.w.org\/{rel}","templated":true}]}}