{"id":1263,"date":"2025-01-15T13:18:38","date_gmt":"2025-01-15T13:18:38","guid":{"rendered":"https:\/\/www.savitaspasaulis.lt\/index.php\/2025\/01\/15\/juos-planuota-perduoti-globejui-kas-vyksta-kaune\/"},"modified":"2025-01-15T13:18:38","modified_gmt":"2025-01-15T13:18:38","slug":"juos-planuota-perduoti-globejui-kas-vyksta-kaune","status":"publish","type":"post","link":"https:\/\/www.savitaspasaulis.lt\/index.php\/2025\/01\/15\/juos-planuota-perduoti-globejui-kas-vyksta-kaune\/","title":{"rendered":"juos planuota perduoti glob\u0117jui \u2013 Kas vyksta Kaune"},"content":{"rendered":"<p> <br \/>\n<\/p>\n<div>\n<p><strong>Kaune dingo du ma\u017eame\u010diai vaikai, juos planuota perduoti glob\u0117jui, BNS pateiktame komentare tre\u010diadien\u012f nurod\u0117 Valstyb\u0117s vaiko teisi\u0173 apsaugos ir \u012fvaikinimo tarnyba (VVTA\u012eT).<\/strong><\/p>\n<p>Kaip anks\u010diau tre\u010diadien\u012f skelb\u0117 teis\u0117sauga, Kauno miesto Santakos policijos komisariato pareig\u016bnai ie\u0161ko 2018 metais gimusio berniuko ir 2020 metais gimusios mergait\u0117s.<\/p>\n<p>Anot Kauno policijos, paie\u0161ka paskelbta \u012f dingusi\u0173j\u0173 namus Til\u017e\u0117s gatv\u0117je atvykus vaiko teisi\u0173 apsaugos specialistams ir juose minim\u0173 vaik\u0173 neradus.<\/p>\n<p>Kauno miesto vaiko teisi\u0173 apsaugos skyriaus ved\u0117ja And\u017eelika Ve\u017ebavi\u010di\u016bt\u0117 BNS nurod\u0117, kad \u0161i\u0173 dviej\u0173 ma\u017eame\u010di\u0173 vaiko teisi\u0173 gyn\u0117jai pasigedo, kai buvo suplanuotas j\u0173 perdavimas glob\u0117jui.<\/p>\n<p>\u201eAtsi\u017evelgiant \u012f ankstesnes problemas \u0161eimoje, manoma, kad jiems \u0161iuo metu gali b\u016bti nesaugu\u201c, \u2013 teig\u0117 A. Ve\u017ebavi\u010di\u016bt\u0117.<\/p>\n<p>\u201eIki \u0161io \u012fvykio vaikams ir j\u0173 t\u0117vams ilg\u0105 laik\u0105 buvo teikiama kompleksin\u0117 pagalba d\u0117l \u012fsisen\u0117jusi\u0173 problem\u0173, ta\u010diau \u0161eimoje nevykstant poky\u010diams ir nepavykstant u\u017etikrinti vaikams saugios aplinkos bei tinkam\u0173 gyvenimo s\u0105lyg\u0173 buvo priimtas teismo sprendimas vaikus paimti, jiems buvo nustatyta laikinoji globa\u201c, \u2013 pa\u017eym\u0117jo ji.<\/p>\n<p>Pasak A. Ve\u017ebavi\u010di\u016bt\u0117s, visais atvejais vaiko teisi\u0173 gyn\u0117jai deda pastangas i\u0161saugoti vaik\u0105 \u0161eimoje, inicijuojant pagalb\u0105 jai. Tik kra\u0161tutiniu atveju ir su teismo sprendimu vaikas gali b\u016bti perkeltas pas glob\u0117j\u0105.<\/p>\n<p>Vaikas gali b\u016bti perkeltas i\u0161 \u0161eimos tuomet, kai kilo reali gr\u0117sm\u0117 jo saugumui ar sveikatai, kai \u0161eimos sunkumai t\u0119siasi ilg\u0105 laik\u0105 arba atsikartoja. Sprendimas perkelti vaik\u0105 gali b\u016bti priimtas \u012fvertinus vaiko situacij\u0105 \u0161eimoje ir geriausius vaiko interesus, i\u0161klausius vaiko nuomon\u0119, kai \u0161is d\u0117l am\u017eiaus ir raidos j\u0105 gali i\u0161sakyti.<\/p>\n<p>\u201e\u0160iuo metu yra svarbiausia, kad vaikai b\u016bt\u0173 rasti ir kaip \u012fmanoma grei\u010diau patekt\u0173 \u012f saugi\u0105 aplink\u0105\u201c, \u2013 sak\u0117 A. Ve\u017ebatavi\u010di\u016bt\u0117, raginusi naudingos informacijos turin\u010dius asmenis susisiekti su policija.<\/p>\n<p>Teis\u0117saugos \u012fvardyti ma\u017eame\u010di\u0173 po\u017eymiai: mergait\u0117 yra smulkaus k\u016bno sud\u0117jimo, apie 120 cm \u016bgio, berniukas yra smulkaus k\u016bno sud\u0117jimo, apie 135 cm \u016bgio.<\/p>\n<\/p><\/div>\n<p><br \/>\n<br \/><a href=\"https:\/\/kaunas.kasvyksta.lt\/2025\/01\/15\/112\/daugiau-detaliu-apie-kaune-ieskomus-mazamecius-juos-planuota-perduoti-globejui\/\">Source link <\/a><\/p>\n","protected":false},"excerpt":{"rendered":"<p>Kaune dingo du ma\u017eame\u010diai vaikai, juos planuota perduoti glob\u0117jui, BNS pateiktame komentare tre\u010diadien\u012f nurod\u0117 Valstyb\u0117s vaiko teisi\u0173 apsaugos ir \u012fvaikinimo tarnyba (VVTA\u012eT). Kaip anks\u010diau tre\u010diadien\u012f skelb\u0117 teis\u0117sauga, Kauno miesto Santakos policijos komisariato pareig\u016bnai ie\u0161ko 2018 metais gimusio berniuko ir 2020 metais gimusios mergait\u0117s. Anot Kauno policijos, paie\u0161ka paskelbta \u012f dingusi\u0173j\u0173 namus Til\u017e\u0117s gatv\u0117je atvykus vaiko [&hellip;]<\/p>\n","protected":false},"author":1,"featured_media":1264,"comment_status":"","ping_status":"","sticky":false,"template":"","format":"standard","meta":{"om_disable_all_campaigns":false,"_monsterinsights_skip_tracking":false,"_monsterinsights_sitenote_active":false,"_monsterinsights_sitenote_note":"","_monsterinsights_sitenote_category":0,"footnotes":""},"categories":[265],"tags":[2287,970,53,289,2286,2285,868],"class_list":["post-1263","post","type-post","status-publish","format-standard","has-post-thumbnail","hentry","category-salies-naujienos","tag-globejui","tag-juos","tag-kas","tag-kaune","tag-perduoti","tag-planuota","tag-vyksta"],"aioseo_notices":[],"_links":{"self":[{"href":"https:\/\/www.savitaspasaulis.lt\/index.php\/wp-json\/wp\/v2\/posts\/1263","targetHints":{"allow":["GET"]}}],"collection":[{"href":"https:\/\/www.savitaspasaulis.lt\/index.php\/wp-json\/wp\/v2\/posts"}],"about":[{"href":"https:\/\/www.savitaspasaulis.lt\/index.php\/wp-json\/wp\/v2\/types\/post"}],"author":[{"embeddable":true,"href":"https:\/\/www.savitaspasaulis.lt\/index.php\/wp-json\/wp\/v2\/users\/1"}],"replies":[{"embeddable":true,"href":"https:\/\/www.savitaspasaulis.lt\/index.php\/wp-json\/wp\/v2\/comments?post=1263"}],"version-history":[{"count":0,"href":"https:\/\/www.savitaspasaulis.lt\/index.php\/wp-json\/wp\/v2\/posts\/1263\/revisions"}],"wp:featuredmedia":[{"embeddable":true,"href":"https:\/\/www.savitaspasaulis.lt\/index.php\/wp-json\/wp\/v2\/media\/1264"}],"wp:attachment":[{"href":"https:\/\/www.savitaspasaulis.lt\/index.php\/wp-json\/wp\/v2\/media?parent=1263"}],"wp:term":[{"taxonomy":"category","embeddable":true,"href":"https:\/\/www.savitaspasaulis.lt\/index.php\/wp-json\/wp\/v2\/categories?post=1263"},{"taxonomy":"post_tag","embeddable":true,"href":"https:\/\/www.savitaspasaulis.lt\/index.php\/wp-json\/wp\/v2\/tags?post=1263"}],"curies":[{"name":"wp","href":"https:\/\/api.w.org\/{rel}","templated":true}]}}