{"id":1472,"date":"2025-02-08T13:58:13","date_gmt":"2025-02-08T13:58:13","guid":{"rendered":"https:\/\/www.savitaspasaulis.lt\/index.php\/2025\/02\/08\/policija-atskleide-kas-nutiko-kas-vyksta-kaune\/"},"modified":"2025-02-08T13:58:13","modified_gmt":"2025-02-08T13:58:13","slug":"policija-atskleide-kas-nutiko-kas-vyksta-kaune","status":"publish","type":"post","link":"https:\/\/www.savitaspasaulis.lt\/index.php\/2025\/02\/08\/policija-atskleide-kas-nutiko-kas-vyksta-kaune\/","title":{"rendered":"policija atskleid\u0117, kas nutiko \u2013 Kas vyksta Kaune"},"content":{"rendered":"<p> <br \/>\n<\/p>\n<div>\n<p><strong>\u0160e\u0161tadien\u012f naujien\u0173 portalo \u201eKas vyksta Kaune\u201c redakcij\u0105 pasiek\u0117 informacija apie neeilin\u0119 situacij\u0105 \u2013 kaunie\u010dio teigimu, \u0161\u012fryt pareig\u016bnai vykd\u0117 med\u017eioklinio ginklo, kur\u012f i\u0161 mirusiojo nam\u0173 i\u0161sine\u0161\u0117 pa\u0161alinis asmuo, paie\u0161kas. Situacij\u0105 pakomentavo ir Kauno policija.<\/strong><\/p>\n<p>\u201eSveiki, \u012fdomu turb\u016bt b\u016bt\u0173, kai mir\u0161ta \u017emogus, atva\u017eiuoja policija ir i\u0161 j\u0173 panos\u0117s pa\u0161alinis \u017emogus i\u0161sine\u0161a mirusiojo med\u017eioklin\u012f ginkl\u0105.. Kurio po to ie\u0161ko ir randa po pusvaland\u017eio. Veiksmas \u0161iandien Kaune vyko.\u201c, \u2013 prane\u0161\u0117 su \u017eurnalistais susiek\u0119s Kauno gyventojas.<\/p>\n<p>Vyras pasidalijo ir nufilmuotu vaizdo steb\u0117jimo kameros \u012fra\u0161u, kuriame matoma, kaip gatve einantis vyri\u0161kis ne\u0161asi drabu\u017eiu u\u017edengt\u0105 pailg\u0105, \u012f ginkl\u0105 pana\u0161\u0173 daikt\u0105, eidamas gatve dairosi. <\/p>\n<figure id=\"attachment_814901\" aria-describedby=\"caption-attachment-814901\" style=\"width: 800px\" class=\"wp-caption aligncenter\"><figcaption id=\"caption-attachment-814901\" class=\"wp-caption-text\">\u017dmogus su galimai \u0161autuvu \/ Skaitytojo vaizdo \u012fra\u0161o stop kadro nuotr. \/ \u201eKas vyksta Kaune\u201c monta\u017eas<\/figcaption><\/figure>\n<p>Susisiekus su Kauno apskrities vyriausiojo policijos komisariato (toliau \u2013 Kauno apskr. VPK) budin\u010diu pareig\u016bnu pavyko su\u017einoti, jog toks atvejis, kuomet mir\u0119s \u017emogus rastas vienoje vietoje, o jam priklausantis ginklas \u2013 kitoje, i\u0161ties fiksuotas, ta\u010diau jokio kriminalo tame nebuvo. Pasak pareig\u016bno, policija \u017einojo, kur yra minimas ginklas, jo ie\u0161koti nereik\u0117jo.<\/p>\n<p>Detalesn\u0117s informacijos apie \u0161\u012f nutikim\u0105 naujien\u0173 portalas \u201eKas vyksta Kaune\u201c pasiteiravo ir Kauno apskr. VPK Komunikacijos poskyrio.<\/p>\n<p>Gautas atsakymas, jog \u0161iandien, apie 8.50 val. Kaune, \u0160ilok\u0173 tak., namuose rastas mirusio vyro (gim. 1971 m.) k\u016bnas.<\/p>\n<p>Pirminiais duomenimis, ant vyri\u0161kio k\u016bno i\u0161orini\u0173 smurto \u017eymi\u0173 neaptikta.<\/p>\n<p>\u201eNurodytu adresu mirusio vyro vardu buvo registruoti 2 ginklai, vienas i\u0161 j\u0173 rastas. Kitas ginklas rastas Kaune, Elektr\u0117n\u0173 g., pas moter\u012f (gim. 2004 m.) ir vyr\u0105 (gim. 2004 m.) (giminai\u010diai). Med\u017eiaga renkama.\u201c, \u2013 naujien\u0173 portalui \u201eKas vyksta Kaune\u201c komentavo Kauno apskr. VPK atstov\u0117.<\/p>\n<p><em>D\u0117kojame kaunie\u010diams u\u017e tai, kad prane\u0161a apie aktualius \u012fvykius. Jei ir j\u016bs norite pasidalinti savo informacija ar nuomone apie Kauno aktualijas, ra\u0161ykite pasinaudoj\u0119 spec. forma \u201ePrane\u0161ti naujien\u0105\u201c arba per\u00a0\u201eFacebook\u201c puslapio priva\u010dias \u017einutes.<\/em><\/p>\n<\/p><\/div>\n<p><br \/>\n<br \/><a href=\"https:\/\/kaunas.kasvyksta.lt\/2025\/02\/08\/112\/is-mirusio-vyro-namu-pasisalino-galimai-nesinas-ginklu-policija-atskleide-kas-nutiko\/\">Source link <\/a><\/p>\n","protected":false},"excerpt":{"rendered":"<p>\u0160e\u0161tadien\u012f naujien\u0173 portalo \u201eKas vyksta Kaune\u201c redakcij\u0105 pasiek\u0117 informacija apie neeilin\u0119 situacij\u0105 \u2013 kaunie\u010dio teigimu, \u0161\u012fryt pareig\u016bnai vykd\u0117 med\u017eioklinio ginklo, kur\u012f i\u0161 mirusiojo nam\u0173 i\u0161sine\u0161\u0117 pa\u0161alinis asmuo, paie\u0161kas. Situacij\u0105 pakomentavo ir Kauno policija. \u201eSveiki, \u012fdomu turb\u016bt b\u016bt\u0173, kai mir\u0161ta \u017emogus, atva\u017eiuoja policija ir i\u0161 j\u0173 panos\u0117s pa\u0161alinis \u017emogus i\u0161sine\u0161a mirusiojo med\u017eioklin\u012f ginkl\u0105.. Kurio po to [&hellip;]<\/p>\n","protected":false},"author":1,"featured_media":1473,"comment_status":"","ping_status":"","sticky":false,"template":"","format":"standard","meta":{"om_disable_all_campaigns":false,"_monsterinsights_skip_tracking":false,"_monsterinsights_sitenote_active":false,"_monsterinsights_sitenote_note":"","_monsterinsights_sitenote_category":0,"footnotes":""},"categories":[265],"tags":[450,53,289,2686,2685,868],"class_list":["post-1472","post","type-post","status-publish","format-standard","has-post-thumbnail","hentry","category-salies-naujienos","tag-atskleide","tag-kas","tag-kaune","tag-nutiko","tag-policija","tag-vyksta"],"aioseo_notices":[],"_links":{"self":[{"href":"https:\/\/www.savitaspasaulis.lt\/index.php\/wp-json\/wp\/v2\/posts\/1472","targetHints":{"allow":["GET"]}}],"collection":[{"href":"https:\/\/www.savitaspasaulis.lt\/index.php\/wp-json\/wp\/v2\/posts"}],"about":[{"href":"https:\/\/www.savitaspasaulis.lt\/index.php\/wp-json\/wp\/v2\/types\/post"}],"author":[{"embeddable":true,"href":"https:\/\/www.savitaspasaulis.lt\/index.php\/wp-json\/wp\/v2\/users\/1"}],"replies":[{"embeddable":true,"href":"https:\/\/www.savitaspasaulis.lt\/index.php\/wp-json\/wp\/v2\/comments?post=1472"}],"version-history":[{"count":0,"href":"https:\/\/www.savitaspasaulis.lt\/index.php\/wp-json\/wp\/v2\/posts\/1472\/revisions"}],"wp:featuredmedia":[{"embeddable":true,"href":"https:\/\/www.savitaspasaulis.lt\/index.php\/wp-json\/wp\/v2\/media\/1473"}],"wp:attachment":[{"href":"https:\/\/www.savitaspasaulis.lt\/index.php\/wp-json\/wp\/v2\/media?parent=1472"}],"wp:term":[{"taxonomy":"category","embeddable":true,"href":"https:\/\/www.savitaspasaulis.lt\/index.php\/wp-json\/wp\/v2\/categories?post=1472"},{"taxonomy":"post_tag","embeddable":true,"href":"https:\/\/www.savitaspasaulis.lt\/index.php\/wp-json\/wp\/v2\/tags?post=1472"}],"curies":[{"name":"wp","href":"https:\/\/api.w.org\/{rel}","templated":true}]}}