{"id":1525,"date":"2025-02-14T14:07:32","date_gmt":"2025-02-14T14:07:32","guid":{"rendered":"https:\/\/www.savitaspasaulis.lt\/index.php\/2025\/02\/14\/baigta-tirti-kauno-teisejos-uzpuolimo-byla-kas-vyksta-kaune\/"},"modified":"2025-02-14T14:07:32","modified_gmt":"2025-02-14T14:07:32","slug":"baigta-tirti-kauno-teisejos-uzpuolimo-byla-kas-vyksta-kaune","status":"publish","type":"post","link":"https:\/\/www.savitaspasaulis.lt\/index.php\/2025\/02\/14\/baigta-tirti-kauno-teisejos-uzpuolimo-byla-kas-vyksta-kaune\/","title":{"rendered":"Baigta tirti Kauno teis\u0117jos u\u017epuolimo byla \u2013 Kas vyksta Kaune"},"content":{"rendered":"<p> <br \/>\n<\/p>\n<div>\n<p><strong>Kauno apygardos prokurat\u016bros prokuror\u0117 sura\u0161\u0117 kaltinam\u0105j\u012f akt\u0105 ir teismui perdav\u0117 baud\u017eiam\u0105j\u0105 byl\u0105, joje 38-eri\u0173 vyras bus teisiamas d\u0117l Kauno teis\u0117jos u\u017epuolimo.<\/strong><\/p>\n<p>Jam pareik\u0161ti kaltinamai d\u0117l nepagarbos teismui bei vie\u0161osios tvarkos pa\u017eeidimo, prane\u0161\u0117 prokurat\u016bra.<\/p>\n<p>Ikiteismin\u012f tyrim\u0105 organizavo ir jam vadovavo Kauno apygardos prokurat\u016bros Pirmojo baud\u017eiamojo persekiojimo skyriaus prokuror\u0117, o tyrim\u0105 atliko Kauno apskrities vyriausiojo policijos komisariato Kriminalin\u0117s policijos sunki\u0173 nusikaltim\u0173 tyrimo valdybos pareig\u016bnai.<\/p>\n<p>\u0160i\u0173 met\u0173 sausio 16 dien\u0105 Kauno apskrities vyriausiojo policijos komisariate buvo prad\u0117tas ikiteisminis tyrimas d\u0117l kaltinamojo Vidmanto Juodel\u0117s i\u0161puolio prie\u0161 Kauno apylink\u0117s teismo teis\u0117j\u0105.<\/p>\n<p>Ikiteisminio tyrimo metu nustatyta, kad incidentas \u012fvyko teis\u0117jai skelbiant nutart\u012f, kuria buvo i\u0161spr\u0119stas kaltinamojo V. Juodel\u0117s pateiktas pra\u0161ymas nagrin\u0117jamoje baud\u017eiamojoje byloje. Min\u0117tas asmuo, nesutikdamas su priimtu sprendimu, \u017eod\u017eiais ir veiksmais pa\u017eemino teis\u0117j\u0105 bei teisingum\u0105 vykdant\u012f teism\u0105 d\u0117l j\u0173 veiklos, sutrikd\u0117 vie\u0161\u0105j\u0105 rimt\u012f ir tvark\u0105.<\/p>\n<p>Baud\u017eiamasis kodeksas u\u017e vie\u0161osios tvarkos pa\u017eeidim\u0105 numato baud\u0105, laisv\u0117s apribojim\u0105, are\u0161t\u0105 arba laisv\u0117s at\u0117mim\u0105 iki dvej\u0173 met\u0173. U\u017e nepagarb\u0105 teismui grie\u017e\u010diausia bausm\u0117 \u2013 laisv\u0117s at\u0117mimas iki dvej\u0173 met\u0173.<\/p>\n<p>Baud\u017eiamoji byla perduota nagrin\u0117ti Kauno apylink\u0117s teismo Kauno r\u016bmams.<\/p>\n<p>Po teis\u0117jos u\u017epuolimo Kaune sudaryta darbo grup\u0117 priemon\u0117ms teism\u0173 saugumui u\u017etikrinti,<\/p>\n<p>ELTA primena, kad Kauno apylink\u0117s teisme vykusio pos\u0117d\u017eio metu buvo sumu\u0161ta teis\u0117ja. Jai skelbiant nutart\u012f, kuria atmestas kaltinamojo pra\u0161ymas d\u0117l laikino asmens dokumento gr\u0105\u017einimo, kaltinamasis reagavo agresyviai \u2013 paeiliui \u012f teis\u0117j\u0105 met\u0117 tris k\u0117des.<\/p>\n<p>V\u0117liau, i\u0161kvietus policijos pareig\u016bnus pagalbos mygtuku ir teis\u0117jai su sekretore bandant i\u0161 pos\u0117d\u017ei\u0173 sal\u0117s pasitraukti, pasivij\u0119s teis\u0117j\u0105 kaltinamasis jai dar smog\u0117 kum\u0161\u010diu. Teis\u0117ja patyr\u0117 sumu\u0161imus, ji buvo ap\u017ei\u016br\u0117ta \u012f \u012fvykio viet\u0105 atvykusi\u0173 medik\u0173.<\/p>\n<p>\u012etariamasis sulaikytas konvojaus pareig\u016bn\u0173.<\/p>\n<p>V. Juodel\u0117 policijai jis yra \u017einomas, anks\u010diau teistas.<\/p>\n<p>\u012etariamasis i\u0161puoliu buvo suimtas dviem m\u0117nesiams.<\/p>\n<\/p><\/div>\n<p><br \/>\n<br \/><a href=\"https:\/\/kaunas.kasvyksta.lt\/2025\/02\/14\/112\/baigta-tirti-kauno-teisejos-uzpuolimo-byla\/\">Source link <\/a><\/p>\n","protected":false},"excerpt":{"rendered":"<p>Kauno apygardos prokurat\u016bros prokuror\u0117 sura\u0161\u0117 kaltinam\u0105j\u012f akt\u0105 ir teismui perdav\u0117 baud\u017eiam\u0105j\u0105 byl\u0105, joje 38-eri\u0173 vyras bus teisiamas d\u0117l Kauno teis\u0117jos u\u017epuolimo. Jam pareik\u0161ti kaltinamai d\u0117l nepagarbos teismui bei vie\u0161osios tvarkos pa\u017eeidimo, prane\u0161\u0117 prokurat\u016bra. Ikiteismin\u012f tyrim\u0105 organizavo ir jam vadovavo Kauno apygardos prokurat\u016bros Pirmojo baud\u017eiamojo persekiojimo skyriaus prokuror\u0117, o tyrim\u0105 atliko Kauno apskrities vyriausiojo policijos komisariato [&hellip;]<\/p>\n","protected":false},"author":1,"featured_media":1526,"comment_status":"","ping_status":"","sticky":false,"template":"","format":"standard","meta":{"om_disable_all_campaigns":false,"_monsterinsights_skip_tracking":false,"_monsterinsights_sitenote_active":false,"_monsterinsights_sitenote_note":"","_monsterinsights_sitenote_category":0,"footnotes":""},"categories":[265],"tags":[2787,2523,53,289,1041,2789,2788,2790,868],"class_list":["post-1525","post","type-post","status-publish","format-standard","has-post-thumbnail","hentry","category-salies-naujienos","tag-baigta","tag-byla","tag-kas","tag-kaune","tag-kauno","tag-teisejos","tag-tirti","tag-uzpuolimo","tag-vyksta"],"aioseo_notices":[],"_links":{"self":[{"href":"https:\/\/www.savitaspasaulis.lt\/index.php\/wp-json\/wp\/v2\/posts\/1525","targetHints":{"allow":["GET"]}}],"collection":[{"href":"https:\/\/www.savitaspasaulis.lt\/index.php\/wp-json\/wp\/v2\/posts"}],"about":[{"href":"https:\/\/www.savitaspasaulis.lt\/index.php\/wp-json\/wp\/v2\/types\/post"}],"author":[{"embeddable":true,"href":"https:\/\/www.savitaspasaulis.lt\/index.php\/wp-json\/wp\/v2\/users\/1"}],"replies":[{"embeddable":true,"href":"https:\/\/www.savitaspasaulis.lt\/index.php\/wp-json\/wp\/v2\/comments?post=1525"}],"version-history":[{"count":0,"href":"https:\/\/www.savitaspasaulis.lt\/index.php\/wp-json\/wp\/v2\/posts\/1525\/revisions"}],"wp:featuredmedia":[{"embeddable":true,"href":"https:\/\/www.savitaspasaulis.lt\/index.php\/wp-json\/wp\/v2\/media\/1526"}],"wp:attachment":[{"href":"https:\/\/www.savitaspasaulis.lt\/index.php\/wp-json\/wp\/v2\/media?parent=1525"}],"wp:term":[{"taxonomy":"category","embeddable":true,"href":"https:\/\/www.savitaspasaulis.lt\/index.php\/wp-json\/wp\/v2\/categories?post=1525"},{"taxonomy":"post_tag","embeddable":true,"href":"https:\/\/www.savitaspasaulis.lt\/index.php\/wp-json\/wp\/v2\/tags?post=1525"}],"curies":[{"name":"wp","href":"https:\/\/api.w.org\/{rel}","templated":true}]}}