{"id":508,"date":"2024-10-21T08:56:08","date_gmt":"2024-10-21T08:56:08","guid":{"rendered":"https:\/\/www.savitaspasaulis.lt\/index.php\/2024\/10\/21\/darba-pradeda-siauliu-apylinkes-prokuraturos-vyriausiojo-prokuroro-pavaduotoja-ligita-barauskiene\/"},"modified":"2024-10-21T08:56:08","modified_gmt":"2024-10-21T08:56:08","slug":"darba-pradeda-siauliu-apylinkes-prokuraturos-vyriausiojo-prokuroro-pavaduotoja-ligita-barauskiene","status":"publish","type":"post","link":"https:\/\/www.savitaspasaulis.lt\/index.php\/2024\/10\/21\/darba-pradeda-siauliu-apylinkes-prokuraturos-vyriausiojo-prokuroro-pavaduotoja-ligita-barauskiene\/","title":{"rendered":"Darb\u0105 pradeda \u0160iauli\u0173 apylink\u0117s prokurat\u016bros vyriausiojo prokuroro pavaduotoja Ligita Barauskien\u0117"},"content":{"rendered":"<p> <br \/>\n<\/p>\n<div>\n<p>\u0160iandien \u0160iauli\u0173 apygardos prokurat\u016bros \u0160iauli\u0173 apylink\u0117s prokurat\u016bros vyriausiojo prokuroro pavaduotojo pareigas prad\u0117jo eiti prokuror\u0117 Ligita Barauskien\u0117. J\u0105 \u012f \u0161ias pareigas \u0161i\u0173 met\u0173 rugs\u0117jo 25 d. \u012fsakymu paskyr\u0117 Generalin\u0117 prokuror\u0117 Nida Grunskien\u0117.<\/p>\n<p>Ligita Barauskien\u0117 tarnyb\u0105 prokurat\u016broje prad\u0117jo 2005 metais kaip Kelm\u0117s rajono apylink\u0117s prokurat\u016bros vyriausiojo prokuroro pad\u0117j\u0117ja. V\u0117liau perkelta \u012f prokuroro pad\u0117j\u0117jo pareigas \u0160iauli\u0173 apygardos prokurat\u016bros \u0160iauli\u0173 apylink\u0117s prokurat\u016broje.<\/p>\n<p>2019 metais L. Barauskien\u0117 prisiek\u0117 Lietuvos valstybei kaip prokuror\u0117 ir \u012fsiliejo \u012f Klaip\u0117dos apygardos prokurat\u016bros Klaip\u0117dos apylink\u0117s prokurat\u016bros prokuror\u0173 Plung\u0117je gretas.<\/p>\n<blockquote>\n<p>\u201eLigita Barauskien\u0117 per gana neilg\u0105 prokuror\u0117s darbo patirt\u012f pasi\u017eym\u0117jo profesionalumu, komunikabilumu bei aktyvia \u0161viet\u0117ji\u0161ka veikla. Mano manymu, ji turi reikiam\u0173 lyderio savybi\u0173 ir geb\u0117jim\u0173 tapti gerbiama ir vienijan\u010dia kolektyvo dalimi. Tikiu, kad prokuror\u0117s u\u017esidegimas ir ry\u017etas taps pavyzd\u017eiu kitiems\u201c, \u2013 apie paskirt\u0105 vadov\u0119 kalb\u0117jo generalin\u0117 prokuror\u0117.<\/p>\n<\/blockquote>\n<p>Vyriausi\u0173j\u0173 prokuror\u0173 atrankos komisija \u012fvertino Ligit\u0105 Barauskien\u0119 kaip motyvuot\u0105, turin\u010di\u0105 lyderio savybi\u0173, geban\u010di\u0105 efektyviai organizuoti darb\u0105, iniciatyvi\u0105, turin\u010di\u0105 vizij\u0105 prokurat\u016bros tobulinime, dalyki\u0161k\u0105, dalyvaujan\u010di\u0105 \u0161viet\u0117ji\u0161koje veikloje bei i\u0161manan\u010di\u0105 vidin\u0117s ir vie\u0161osios komunikacijos ypatumus.<\/p>\n<p>\u012e \u0161ias pareigas prokuror\u0117 L. Barauskien\u0117 paskirta penkeri\u0173 met\u0173 kadencijai.<\/p>\n<div class=\"g g-43\">\n<div class=\"g-single a-213\"><\/div>\n<\/div>\n<\/div>\n<p><script>(function(d, s, id) {\nvar js, fjs = d.getElementsByTagName(s)(0);\nif (d.getElementById(id)) return;\njs = d.createElement(s); js.id = id;\njs.src = \"\/\/connect.facebook.net\/lt_LT\/sdk.js#xfbml=1&version=v2.10\";\nfjs.parentNode.insertBefore(js, fjs);\n}(document, 'script', 'facebook-jssdk'));<\/script><br \/>\n<br \/><br \/>\n<br \/><a href=\"https:\/\/miestonaujienos.lt\/darba-pradeda-siauliu-apylinkes-prokuraturos-vyriausiojo-prokuroro-pavaduotoja-ligita-barauskiene\/\">Source link <\/a><\/p>\n","protected":false},"excerpt":{"rendered":"<p>\u0160iandien \u0160iauli\u0173 apygardos prokurat\u016bros \u0160iauli\u0173 apylink\u0117s prokurat\u016bros vyriausiojo prokuroro pavaduotojo pareigas prad\u0117jo eiti prokuror\u0117 Ligita Barauskien\u0117. J\u0105 \u012f \u0161ias pareigas \u0161i\u0173 met\u0173 rugs\u0117jo 25 d. \u012fsakymu paskyr\u0117 Generalin\u0117 prokuror\u0117 Nida Grunskien\u0117. Ligita Barauskien\u0117 tarnyb\u0105 prokurat\u016broje prad\u0117jo 2005 metais kaip Kelm\u0117s rajono apylink\u0117s prokurat\u016bros vyriausiojo prokuroro pad\u0117j\u0117ja. V\u0117liau perkelta \u012f prokuroro pad\u0117j\u0117jo pareigas \u0160iauli\u0173 apygardos prokurat\u016bros [&hellip;]<\/p>\n","protected":false},"author":1,"featured_media":509,"comment_status":"open","ping_status":"open","sticky":false,"template":"","format":"standard","meta":{"om_disable_all_campaigns":false,"_monsterinsights_skip_tracking":false,"_monsterinsights_sitenote_active":false,"_monsterinsights_sitenote_note":"","_monsterinsights_sitenote_category":0,"footnotes":""},"categories":[265],"tags":[685,691,682,690,689,683,686,688,684,687],"class_list":["post-508","post","type-post","status-publish","format-standard","has-post-thumbnail","hentry","category-salies-naujienos","tag-apylinkes","tag-barauskiene","tag-darba","tag-ligita","tag-pavaduotoja","tag-pradeda","tag-prokuraturos","tag-prokuroro","tag-siauliu","tag-vyriausiojo"],"aioseo_notices":[],"_links":{"self":[{"href":"https:\/\/www.savitaspasaulis.lt\/index.php\/wp-json\/wp\/v2\/posts\/508","targetHints":{"allow":["GET"]}}],"collection":[{"href":"https:\/\/www.savitaspasaulis.lt\/index.php\/wp-json\/wp\/v2\/posts"}],"about":[{"href":"https:\/\/www.savitaspasaulis.lt\/index.php\/wp-json\/wp\/v2\/types\/post"}],"author":[{"embeddable":true,"href":"https:\/\/www.savitaspasaulis.lt\/index.php\/wp-json\/wp\/v2\/users\/1"}],"replies":[{"embeddable":true,"href":"https:\/\/www.savitaspasaulis.lt\/index.php\/wp-json\/wp\/v2\/comments?post=508"}],"version-history":[{"count":0,"href":"https:\/\/www.savitaspasaulis.lt\/index.php\/wp-json\/wp\/v2\/posts\/508\/revisions"}],"wp:featuredmedia":[{"embeddable":true,"href":"https:\/\/www.savitaspasaulis.lt\/index.php\/wp-json\/wp\/v2\/media\/509"}],"wp:attachment":[{"href":"https:\/\/www.savitaspasaulis.lt\/index.php\/wp-json\/wp\/v2\/media?parent=508"}],"wp:term":[{"taxonomy":"category","embeddable":true,"href":"https:\/\/www.savitaspasaulis.lt\/index.php\/wp-json\/wp\/v2\/categories?post=508"},{"taxonomy":"post_tag","embeddable":true,"href":"https:\/\/www.savitaspasaulis.lt\/index.php\/wp-json\/wp\/v2\/tags?post=508"}],"curies":[{"name":"wp","href":"https:\/\/api.w.org\/{rel}","templated":true}]}}