{"id":592,"date":"2024-10-31T10:02:10","date_gmt":"2024-10-31T10:02:10","guid":{"rendered":"https:\/\/www.savitaspasaulis.lt\/index.php\/2024\/10\/31\/nebeturime-kur-trauktis-foto-kas-vyksta-kaune\/"},"modified":"2024-10-31T10:02:10","modified_gmt":"2024-10-31T10:02:10","slug":"nebeturime-kur-trauktis-foto-kas-vyksta-kaune","status":"publish","type":"post","link":"https:\/\/www.savitaspasaulis.lt\/index.php\/2024\/10\/31\/nebeturime-kur-trauktis-foto-kas-vyksta-kaune\/","title":{"rendered":"\u201enebeturime kur trauktis\u201c (foto) \u2013 Kas vyksta Kaune"},"content":{"rendered":"<p> <br \/>\n<\/p>\n<div>\n<p><strong>Ketvirtadien\u012f 11 val. Lietuvos, Latvijos ir Estijos restoran\u0173, vie\u0161bu\u010di\u0173 ir kavini\u0173 atstovai vieningai protestuoja prie\u0161 mokes\u010di\u0173 didinim\u0105, o ir \u0161iaip yra nepatenkinti esamu PVM tarifu. Tokia akcija surengta ne tik Vilniuje, bet ir Kaune.<\/strong><\/p>\n<p>Vienas protesto organizatori\u0173 Lietuvoje, Kauno vie\u0161bu\u010dio \u201eDaugirdas\u201c vadovas Vytautas Gustas teig\u0117, kad Baltijos \u0161alyse prid\u0117tin\u0117s vert\u0117s mokes\u010dio (PVM) tarifas yra didesnis, nei kitose Europos valstyb\u0117se.<\/p>\n<p>\u201eKadangi analogi\u0161kai PVM pakilo ir Estijoje, ir Latvijoje, ir Lietuvoje, mes siekiame, kad jie b\u016bt\u0173, kaip yra visoje Europoje, nes i\u0161 27 \u0161ali\u0173, 21-oje jie nesiekia 10-ies proc., o pas mus yra 21 proc., tai tas 10 proc. dav\u0117 labai stipriai m\u016bs\u0173 finansams ir mes per vis\u0105 vasar\u0105 la\u0161ini\u0173 nesukaup\u0117m, o laukia \u017eiemos sezonas\u201c, \u2013 BNS sak\u0117 V. Gustas.<\/p>\n<p>Laisv\u0117s al\u0117joje surengtoje akcijoje skamb\u0117jo gedulinga muzika, persp\u0117jama apie \u0161io verslo sektoriaus \u017elugim\u0105. Taip pat buvo matomi juodomis stalties\u0117mis apdengti staleliai, ant j\u0173 u\u017edegtos \u017evakut\u0117s. <\/p>\n<p>U\u017e stal\u0173 protestuotojai taip pat pastat\u0119 stendus su plakatais \u201eMaitinimui: 9% PVM\u201c, \u201eAugantys mokes\u010diai augina \u0161e\u0161\u0117l\u012f\u201c bei \u201eMaitintojai mir\u0161ta d\u0117l per dideli\u0173 mokes\u010di\u0173\u201c.<\/p>\n<p><\/p>\n<p><strong>Jau prad\u0117jo trumpinti darbo valandas<\/strong><\/p>\n<p>Vilniuje surengta akcija susilauk\u0117 net apie 200 restoran\u0173 ir vie\u0161bu\u010di\u0173 sektoriaus atstov\u0173, prane\u0161\u0117 BNS.<\/p>\n<p>Kaune akcija buvo kiek kuklesn\u0117. Visgi vie\u0161bu\u010di\u0173 \u201ePerk\u016bno namai\u201c ir \u201eDaugirdas\u201c vadovas Vytautas Gustas teig\u0117, jog restoranai \u0161iuo metu <em>eina \u012f minus\u0105<\/em>. O did\u017eiausi\u0105 \u012ftak\u0105 restoranams ir vie\u0161bu\u010diams turi panaikinta PVM lengvata. <\/p>\n<p>\u201eKauno restoranai siun\u010dia blogas \u017einias. Tas 9 proc. PVM padidinimas dav\u0117 labai didel\u012f \u017eenkl\u0105, parod\u0117, kad ilguoju vasaros laikotarpiu, kada mes turime maitinimo ir miesto sve\u010di\u0173 pakilim\u0105, mes nesukaup\u0117me la\u0161ini\u0173, kad gal\u0117tume i\u0161silaikyti \u0161altuoju periodu\u201c, \u2013 kalb\u0117jo V. Gustas.<\/p>\n<p>Be to, anot verslininko, netrukus teks susidurti ir su kitais i\u0161\u0161\u016bkiais, kuriam verslas n\u0117ra pasiruo\u0161\u0119s. <\/p>\n<p>\u201eIndeksuojamas darbo u\u017emokestis, su nema\u017eomis sumomis ir energetikos kainos kyla. Ir tam naujam kilimui mes nesame pasiruo\u0161\u0119. Jei ne gerieji m\u016bs\u0173 verslo partneriai tiek\u0117jai, kurie mus dar \u0161iek tiek palaik\u0117, mes dar laikom\u0117s\u201c, \u2013 pabr\u0117\u017e\u0117 vie\u0161bu\u010di\u0173 vadovas.<\/p>\n<p>Visgi bent kol kas atleidin\u0117ti darbuotoj\u0173 verslininkas neplanuoja \u2013 tai b\u016bt\u0173 paskutinis svarstomas variantas.<\/p>\n<p>\u201eMes darbuotojus dedame \u012f paskutin\u0119 viet\u0105, atleidimo prasme, norime juos i\u0161laikyti. Mes suprantame, kad tai yra 25-30 met\u0173 turtas, kur\u012f mes atsirinkome, su kuriais darome versl\u0105. \u0160iuo metu mes tik suma\u017einome keli\u0173 dien\u0173 darb\u0105 restorano savait\u0117s b\u0117gyje, bet norime, kad jie sutikt\u0173 i\u0161silaikyti su ma\u017eesniu kr\u016bviu, kad jie b\u016bt\u0173 kartu su mumis\u201c, \u2013 paai\u0161kino vie\u0161bu\u010di\u0173 vadovas.<\/p>\n<p>Tiesa, V. Gustas atskleid\u0117, jog vie\u0161bu\u010diai jau sutrumpino darbo valandas.<\/p>\n<p>\u201eJau trumpiau dirbame. Bent jau \u201eDaugirdo\u201c vie\u0161butyje, \u0161iandien darb\u0105 prad\u0117jome nuo 16 valandos. Pusry\u010dius mes aptarnaujame, bet dienos metu jau nelaikom padav\u0117j\u0173\u201c, \u2013 paai\u0161kino V. Gustas. <\/p>\n<p>Vie\u0161bu\u010di\u0173 savininko vertinimu, nuostolius patiria visi verslai. Taip jis teig\u0117 \u017eurnalistei paklausus, ar tikrai visi vie\u0161bu\u010diai, restoranai ir kavin\u0117s i\u0161gyvena blogus laikus. <\/p>\n<p>\u201eMes kalbam\u0117s su tais savininkais, ar jie tikrai susived\u0119 savo ekonomik\u0105. Kai jie turi kokius penkis ta\u0161kus, vienas ta\u0161kas papildo kit\u0105. Ir jie pinig\u0173 sraute neap\u010diuopia ma\u017e\u0117jimo. Bet jeigu sraute susivedi ekonomin\u012f rezultat\u0105, mes matome, kad gyvename nuostolingai\u201c, \u2013 pabr\u0117\u017e\u0117 V. Gustas.<\/p>\n<figure id=\"attachment_802990\" aria-describedby=\"caption-attachment-802990\" style=\"width: 2000px\" class=\"wp-caption aligncenter\"><img loading=\"lazy\" decoding=\"async\" src=\"https:\/\/kaunas.kasvyksta.lt\/wp-content\/uploads\/2024\/10\/91cda78dcc1303e0791cd678addf1481.jpg\" alt=\"\" width=\"2000\" height=\"1333\" class=\"size-full wp-image-802990\" srcset=\"https:\/\/kaunas.kasvyksta.lt\/wp-content\/uploads\/2024\/10\/91cda78dcc1303e0791cd678addf1481.jpg 2000w, https:\/\/kaunas.kasvyksta.lt\/wp-content\/uploads\/2024\/10\/91cda78dcc1303e0791cd678addf1481-300x200.jpg 300w, https:\/\/kaunas.kasvyksta.lt\/wp-content\/uploads\/2024\/10\/91cda78dcc1303e0791cd678addf1481-1024x682.jpg 1024w, https:\/\/kaunas.kasvyksta.lt\/wp-content\/uploads\/2024\/10\/91cda78dcc1303e0791cd678addf1481-768x512.jpg 768w, https:\/\/kaunas.kasvyksta.lt\/wp-content\/uploads\/2024\/10\/91cda78dcc1303e0791cd678addf1481-1536x1024.jpg 1536w\" sizes=\"auto, (max-width: 2000px) 100vw, 2000px\"\/><figcaption id=\"caption-attachment-802990\" class=\"wp-caption-text\">Maitinimo \u012fstaig\u0173 protesto akcija \/ R. Tenio nuotr.<\/figcaption><\/figure>\n<p><strong>Mini ir Suma\u017eintos tar\u0161os zonos keliamas problemas<\/strong><\/p>\n<p>Nors daugelis V. Gusto i\u0161vardyt\u0173 problem\u0173 daugiausiai susijusios su bendra mokestine politika, verslininkas pabr\u0117\u017eia, jog Senamiestyje \u012fvesta Suma\u017eintos tar\u0161os zona (STZ) paveik\u0117 ir jo valdom\u0173 vie\u0161bu\u010di\u0173 peln\u0105. <\/p>\n<p>\u201eTai papildomas akmuo prie kaklo. I\u0161skirtin\u0117s zonos duoda papildom\u0105 apmokestinim\u0105. Mes esame sudar\u0119 sutartis su tiek\u0117jais, privalome juos apgyvendinti. O neb\u016bvimas viet\u0173 rei\u0161kia, jog turime dal\u012f t\u0173 i\u0161laid\u0173 dengtis patys. Tai prie viso to aruodo, atsirado dar ir \u0161ita b\u0117da\u201c, \u2013 teig\u0117 V. Gustas.<\/p>\n<p>Portalas \u201eKas vyksta Kaune\u201d ne kart\u0105 ra\u0161\u0117, jog d\u0117l STZ restoran\u0173 pelningumas krito drasti\u0161kai \u2013 u\u017esakym\u0173 \u012f namus skai\u010dius suma\u017e\u0117jo kelis kartus. Pana\u0161u, jog vie\u0161bu\u010diams STZ turi ma\u017eesn\u0119 \u012ftak\u0105, ta\u010diau V. Gustas pateik\u0117 ir konkretesnius skai\u010dius. <\/p>\n<p>\u201eMes sakome, kad \u201eDaugirdo\u201c apgyvendinimas lyginant 2023 m. laikotarp\u012f su 2024 m., suma\u017e\u0117jo 9 proc. Maitinimo pama\u017e\u0117jo apie 15 proc\u201c, \u2013 prid\u016br\u0117 verslininkas. <\/p>\n<\/p><\/div>\n<p><br \/>\n<br \/><a href=\"https:\/\/kaunas.kasvyksta.lt\/2024\/10\/31\/verslas\/restoranu-ir-viesbuciu-atstovai-protestavo-pries-augancius-mokescius-nebeturime-kur-trauktis\/\">Source link <\/a><\/p>\n","protected":false},"excerpt":{"rendered":"<p>Ketvirtadien\u012f 11 val. Lietuvos, Latvijos ir Estijos restoran\u0173, vie\u0161bu\u010di\u0173 ir kavini\u0173 atstovai vieningai protestuoja prie\u0161 mokes\u010di\u0173 didinim\u0105, o ir \u0161iaip yra nepatenkinti esamu PVM tarifu. Tokia akcija surengta ne tik Vilniuje, bet ir Kaune. Vienas protesto organizatori\u0173 Lietuvoje, Kauno vie\u0161bu\u010dio \u201eDaugirdas\u201c vadovas Vytautas Gustas teig\u0117, kad Baltijos \u0161alyse prid\u0117tin\u0117s vert\u0117s mokes\u010dio (PVM) tarifas yra didesnis, [&hellip;]<\/p>\n","protected":false},"author":1,"featured_media":593,"comment_status":"open","ping_status":"open","sticky":false,"template":"","format":"standard","meta":{"om_disable_all_campaigns":false,"_monsterinsights_skip_tracking":false,"_monsterinsights_sitenote_active":false,"_monsterinsights_sitenote_note":"","_monsterinsights_sitenote_category":0,"footnotes":""},"categories":[265],"tags":[925,53,289,923,922,924,868],"class_list":["post-592","post","type-post","status-publish","format-standard","has-post-thumbnail","hentry","category-salies-naujienos","tag-foto","tag-kas","tag-kaune","tag-kur","tag-nebeturime","tag-trauktis","tag-vyksta"],"aioseo_notices":[],"_links":{"self":[{"href":"https:\/\/www.savitaspasaulis.lt\/index.php\/wp-json\/wp\/v2\/posts\/592","targetHints":{"allow":["GET"]}}],"collection":[{"href":"https:\/\/www.savitaspasaulis.lt\/index.php\/wp-json\/wp\/v2\/posts"}],"about":[{"href":"https:\/\/www.savitaspasaulis.lt\/index.php\/wp-json\/wp\/v2\/types\/post"}],"author":[{"embeddable":true,"href":"https:\/\/www.savitaspasaulis.lt\/index.php\/wp-json\/wp\/v2\/users\/1"}],"replies":[{"embeddable":true,"href":"https:\/\/www.savitaspasaulis.lt\/index.php\/wp-json\/wp\/v2\/comments?post=592"}],"version-history":[{"count":0,"href":"https:\/\/www.savitaspasaulis.lt\/index.php\/wp-json\/wp\/v2\/posts\/592\/revisions"}],"wp:featuredmedia":[{"embeddable":true,"href":"https:\/\/www.savitaspasaulis.lt\/index.php\/wp-json\/wp\/v2\/media\/593"}],"wp:attachment":[{"href":"https:\/\/www.savitaspasaulis.lt\/index.php\/wp-json\/wp\/v2\/media?parent=592"}],"wp:term":[{"taxonomy":"category","embeddable":true,"href":"https:\/\/www.savitaspasaulis.lt\/index.php\/wp-json\/wp\/v2\/categories?post=592"},{"taxonomy":"post_tag","embeddable":true,"href":"https:\/\/www.savitaspasaulis.lt\/index.php\/wp-json\/wp\/v2\/tags?post=592"}],"curies":[{"name":"wp","href":"https:\/\/api.w.org\/{rel}","templated":true}]}}