{"id":656,"date":"2024-11-07T10:58:05","date_gmt":"2024-11-07T10:58:05","guid":{"rendered":"https:\/\/www.savitaspasaulis.lt\/index.php\/2024\/11\/07\/serbu-protestas-kaune-atmestas-skirtos-daugiatukstantines-baudos-kas-vyksta-kaune\/"},"modified":"2024-11-07T10:58:05","modified_gmt":"2024-11-07T10:58:05","slug":"serbu-protestas-kaune-atmestas-skirtos-daugiatukstantines-baudos-kas-vyksta-kaune","status":"publish","type":"post","link":"https:\/\/www.savitaspasaulis.lt\/index.php\/2024\/11\/07\/serbu-protestas-kaune-atmestas-skirtos-daugiatukstantines-baudos-kas-vyksta-kaune\/","title":{"rendered":"Serb\u0173 protestas Kaune \u2013 atmestas, skirtos daugiat\u016bkstantin\u0117s baudos \u2013 Kas vyksta Kaune"},"content":{"rendered":"<p> <br \/>\n<\/p>\n<div>\n<p><strong>Belgrado \u201eCrvena Zvezda\u201c trenerio Ioannio Sfairopoulo pra\u0117jusi\u0105 savait\u0119 rungtyni\u0173 su Kauno \u201e\u017dalgiriu\u201c metu pateiktas protestas buvo atmestas, o Serbijos klubo atstovus Eurolyga apdalino baudomis.<\/strong><\/p>\n<p>D\u0117l vie\u0161\u0173 komentar\u0173 apie teis\u0117javim\u0105 \u201eCrvena Zvezda\u201c \u017eaid\u0117jams Nikolai Kalini\u010diui ir Nemanjai Nedovi\u010diui teks patu\u0161tinti ki\u0161enes 5 t\u016bkst. eur\u0173 sumomis.<\/p>\n<p>Pastarasis antra tiek prival\u0117s suploti d\u0117l ma\u010do metu parodytos nepagarbos arbitrams. Jo komandos draugui Lukai Mitrovi\u010diui d\u0117l tos pa\u010dios prie\u017easties skirta 7 t\u016bkst. eur\u0173 bauda.<\/p>\n<p>Kit\u0105 dien\u0105 po rungtyni\u0173 apmaudo kupin\u0105 prane\u0161im\u0105 oficialioje interneto svetain\u0117je paskelb\u0119s \u201eCrvena Zvezda\u201c klubas nubaustas 10 t\u016bkst. eur\u0173, tokia pati sankcija papildomai pritaikyta ir jo prezidentui \u017deljko Dr\u010deli\u010diui.<\/p>\n<p>Kainuos Serbijos bei ABA (Adrijos) lygos \u010dempionams ir v\u0117liau sek\u0119s ma\u010das namuose su At\u0117n\u0173 \u201ePanathinaikos\u201c (Graikija).<\/p>\n<p>D\u0117l nederam\u0173 sirgali\u0173 skanduo\u010di\u0173 ir daikt\u0173 m\u0117tymo \u012f aik\u0161t\u0119 \u0161eimininkams teks sumok\u0117ti 32,5 t\u016bkst. eur\u0173.<\/p>\n<p>Bendra Roko Giedrai\u010dio atstovaujamam Belgrado klubui i\u0161dalint\u0173 baud\u0173 suma \u2013 74,5 t\u016bkst. eur\u0173.<\/p>\n<p>Primename, kad I. Sfairopoulo aukl\u0117tiniams pra\u0117jusi \u201edviguba\u201c Eurolygos savait\u0117 atne\u0161\u0117 du apmaud\u017eius pralaim\u0117jimus \u2013 84:86 \u201e\u017dalgiriui\u201c ir 77:81 \u201ePanathinaikos\u201c.<\/p>\n<p>Ketvirtadien\u012f \u012f 12-\u0105 viet\u0105 turnyro lentel\u0117je nusmuk\u0119 serbai (3\/4) priims absoliu\u010di\u0105 autsaider\u0119 Berlyno ALBA (1\/6).<\/p>\n<p>Daugiau naujien\u0173 skaitykite \u010dia.<\/p>\n<\/p><\/div>\n<p><br \/>\n<br \/><a href=\"https:\/\/kaunas.kasvyksta.lt\/2024\/11\/07\/sportas\/serbu-protestas-kaune-atmestas-skirtos-daugiatukstantines-baudos\/\">Source link <\/a><\/p>\n","protected":false},"excerpt":{"rendered":"<p>Belgrado \u201eCrvena Zvezda\u201c trenerio Ioannio Sfairopoulo pra\u0117jusi\u0105 savait\u0119 rungtyni\u0173 su Kauno \u201e\u017dalgiriu\u201c metu pateiktas protestas buvo atmestas, o Serbijos klubo atstovus Eurolyga apdalino baudomis. D\u0117l vie\u0161\u0173 komentar\u0173 apie teis\u0117javim\u0105 \u201eCrvena Zvezda\u201c \u017eaid\u0117jams Nikolai Kalini\u010diui ir Nemanjai Nedovi\u010diui teks patu\u0161tinti ki\u0161enes 5 t\u016bkst. eur\u0173 sumomis. Pastarasis antra tiek prival\u0117s suploti d\u0117l ma\u010do metu parodytos nepagarbos arbitrams. [&hellip;]<\/p>\n","protected":false},"author":1,"featured_media":657,"comment_status":"open","ping_status":"open","sticky":false,"template":"","format":"standard","meta":{"om_disable_all_campaigns":false,"_monsterinsights_skip_tracking":false,"_monsterinsights_sitenote_active":false,"_monsterinsights_sitenote_note":"","_monsterinsights_sitenote_category":0,"footnotes":""},"categories":[265],"tags":[1066,524,1067,53,289,1065,1064,544,868],"class_list":["post-656","post","type-post","status-publish","format-standard","has-post-thumbnail","hentry","category-salies-naujienos","tag-atmestas","tag-baudos","tag-daugiatukstantines","tag-kas","tag-kaune","tag-protestas","tag-serbu","tag-skirtos","tag-vyksta"],"aioseo_notices":[],"_links":{"self":[{"href":"https:\/\/www.savitaspasaulis.lt\/index.php\/wp-json\/wp\/v2\/posts\/656","targetHints":{"allow":["GET"]}}],"collection":[{"href":"https:\/\/www.savitaspasaulis.lt\/index.php\/wp-json\/wp\/v2\/posts"}],"about":[{"href":"https:\/\/www.savitaspasaulis.lt\/index.php\/wp-json\/wp\/v2\/types\/post"}],"author":[{"embeddable":true,"href":"https:\/\/www.savitaspasaulis.lt\/index.php\/wp-json\/wp\/v2\/users\/1"}],"replies":[{"embeddable":true,"href":"https:\/\/www.savitaspasaulis.lt\/index.php\/wp-json\/wp\/v2\/comments?post=656"}],"version-history":[{"count":0,"href":"https:\/\/www.savitaspasaulis.lt\/index.php\/wp-json\/wp\/v2\/posts\/656\/revisions"}],"wp:featuredmedia":[{"embeddable":true,"href":"https:\/\/www.savitaspasaulis.lt\/index.php\/wp-json\/wp\/v2\/media\/657"}],"wp:attachment":[{"href":"https:\/\/www.savitaspasaulis.lt\/index.php\/wp-json\/wp\/v2\/media?parent=656"}],"wp:term":[{"taxonomy":"category","embeddable":true,"href":"https:\/\/www.savitaspasaulis.lt\/index.php\/wp-json\/wp\/v2\/categories?post=656"},{"taxonomy":"post_tag","embeddable":true,"href":"https:\/\/www.savitaspasaulis.lt\/index.php\/wp-json\/wp\/v2\/tags?post=656"}],"curies":[{"name":"wp","href":"https:\/\/api.w.org\/{rel}","templated":true}]}}