{"id":728,"date":"2024-11-15T11:29:15","date_gmt":"2024-11-15T11:29:15","guid":{"rendered":"https:\/\/www.savitaspasaulis.lt\/index.php\/2024\/11\/15\/budintis-sinoptikas-prognozavo-plikledi-kas-vyksta-kaune\/"},"modified":"2024-11-15T11:29:15","modified_gmt":"2024-11-15T11:29:15","slug":"budintis-sinoptikas-prognozavo-plikledi-kas-vyksta-kaune","status":"publish","type":"post","link":"https:\/\/www.savitaspasaulis.lt\/index.php\/2024\/11\/15\/budintis-sinoptikas-prognozavo-plikledi-kas-vyksta-kaune\/","title":{"rendered":"budintis sinoptikas prognozavo plikled\u012f \u2013 Kas vyksta Kaune"},"content":{"rendered":"<p> <br \/>\n<\/p>\n<div>\n<p><strong>\u0160\u012f ryt\u0105 d\u0117l plikled\u017eio eismas Kaune buvo visi\u0161kai paraly\u017euotas. Netrukus Kauno savivaldyb\u0117 parei\u0161k\u0117, jog i\u0161 ryto bud\u0117jo \u201eKauno \u0161vara\u201c ir tokios situacijos numatyti negal\u0117jo. Visgi meteoreologas\u00a0 Gytis Valaika portalui teig\u0117, jog tokie savivaldyb\u0117s teiginiai \u2013 visi\u0161kai klaidinantys. <\/strong><\/p>\n<p>Kaip ra\u0161\u0117 portalas \u201eKas vyksta Kaune\u201d, apie avarijas skaitytojai prane\u0161\u0117 nuo pat ryto \u2013 avarijos fiksuotos tiek pagrindin\u0117se Kauno gatv\u0117se, tiek aplinkkeliuose.<\/p>\n<p>Kauno apskrities vyriausiojo policijos komisariato atstov\u0117 \u017einiasklaidai Odeta Vaitkevi\u010dien\u0117 patikslino, kad iki 8 valandos ryto, Kauno mieste ir rajone buvo u\u017efiksuoti 43 eismo \u012fvykiai.<\/p>\n<p><\/p>\n<p>Tiesa, po 12 val. policija prane\u0161\u0117, jog situacija gr\u012f\u017eta \u012f \u012fprastas v\u0117\u017ees.<\/p>\n<p>Policijos pareig\u016bnai teigia, jog neprisimena tokios dienos, kai nuo eismo \u012fvyki\u0173 gausos b\u016bt\u0173 tikr\u0105ja to \u017eod\u017eio prasme \u201eu\u017esidar\u0119s\u201c visas miestas.<\/p>\n<p>Ryte daugiausiai eismo \u012fvyki\u0173 fiksuota Kauno mieste \u2013 25. Ir nors did\u017eioji dalis eismo \u012fvyki\u0173 \u2013 techniniai, kuri\u0173 metu buvo apgadintos transporto priemon\u0117s, ta\u010diau buvo gauta prane\u0161im\u0173 ir d\u0117l 5 eismo \u012fvykiuose su\u017ealot\u0173 \u017emoni\u0173.<\/p>\n<p>Su bene daugiausiai sunkum\u0173 automobili\u0173 vairuotojai susid\u016br\u0117 Varni\u0173 g., Europos pr., Prietil\u010dio g.<\/p>\n<p><img decoding=\"async\" src=\"https:\/\/kaunas.kasvyksta.lt\/wp-content\/uploads\/2024\/11\/25c5987562c31ec567a94f05aace172e-scaled.jpg\" alt=\"D\u0117l avarij\u0173 Kaune nusidriek\u0117 mil\u017eini\u0161ki kam\u0161\u010diai \/ M. Pata\u0161iaus nuotr.\" class=\"envira_noscript_images \"\/><\/p>\n<p>D\u0117l tinkamai nenuvalyt\u0173 keli\u0173 pasipyl\u0117 kaunie\u010di\u0173 kaltinimai savivaldybei pavald\u017eiai \u012fmonei UAB \u201eKauno \u0161vara\u201c.<\/p>\n<p>Visgi 10:34 val. Kauno savivaldyb\u0117s \u201eFacebook\u201c puslapyje pasirod\u0117 \u012fra\u0161as, paai\u0161kinantis, d\u0117l ko Kauno gatv\u0117se kilo chaosas. Nors \u012fra\u0161e ra\u0161oma, jog savivaldyb\u0117 nesiekia teisintis, buvo pateiktos kelios prie\u017eastys, kod\u0117l susiklost\u0117 tokia situacija. Es\u0105 nors i\u0161 ryto patruliavo budintis \u201eKauno \u0161vara\u201c specialistas, bet \u201ejuodasis ledas\u201c yra \u201eakimirk\u0173 reikalas\u201c, tad avarij\u0173 i\u0161vengti nepavyko.<\/p>\n<p>\u201eTurb\u016bt ir pasiteisinimai dabar ma\u017eiausiai kam r\u016bpi, tod\u0117l \u010dia tik trumpa \u012fvyki\u0173 seka bendram supratimui:<\/p>\n<ul>\n<li>i\u0161 vakaro tokio meteorologinio rei\u0161kinio ir ni\u010dnieko pana\u0161aus nerod\u0117 ir ne\u017ead\u0117jo jokios or\u0173 prognoz\u0117s;<\/li>\n<li>5:00 val. ir 6:00 val. mieste \u201epatruliav\u0119s\u201c bendrov\u0117s \u201eKauno \u0161vara\u201c budintis specialistas plik\u0161alos irgi neu\u017efiksavo \u2013 vien \u0161lapia kelio danga;<\/li>\n<li>pirmi plik\u0161alos po\u017eymiai miesto gatv\u0117se pasirod\u0117 tik prie\u0161 7 val. ryte \u2013 i\u0161kart skubiai organizuotas barstymas;<\/li>\n<li>apie pus\u0119 a\u0161tuoni\u0173 prasidedantis rytinis pikas, nat\u016bralu, sukliud\u0117 technikai pilnaverti\u0161kai prava\u017eiuoti gatv\u0117mis;<\/li>\n<li>toliau tebuvo minu\u010di\u0173 klausimas, kai ant tilt\u0173 bei viaduk\u0173 pasipyl\u0117 masin\u0117s avarijos.<\/li>\n<\/ul>\n<p>Suprantame, jog atsipra\u0161ymai ar apgailestavimas visai neguod\u017eia po to, kai visi v\u0117lavome \u012f darbus, mokyklas ir ilgam strigome sp\u016bstyse.<\/p>\n<p>Viena, k\u0105 tikrai pa\u017eadame, kad i\u0161 \u0161ios nelemtos dienos \u012fvyki\u0173 bus padarytos kategori\u0161kos i\u0161vados ir principiniai sprendimai. Ateityje tokie nesusipratimai negali kartotis\u201c, \u2013 ra\u0161oma \u012fra\u0161e.<\/p>\n<p><strong>Savivaldyb\u0117s informacij\u0105 vadina klaidinga<\/strong><\/p>\n<p>Atsi\u0173stame komentare LHMT meteorologas Gytis Valaika portalui \u201eKas vyksta Kaune\u201c teig\u0117, jog vienas i\u0161 savivaldyb\u0117s i\u0161sakyt\u0173 teigini\u0173 yra neteisingas. Savivaldyb\u0117 skelb\u0117, jog \u201ei\u0161 vakaro tokio meteorologinio rei\u0161kinio ir ni\u010dnieko pana\u0161aus nerod\u0117 ir ne\u017ead\u0117jo jokios or\u0173 prognoz\u0117s\u201c.<\/p>\n<p>Kaip nurod\u0117 G. Valaika, i\u0161 ties\u0173 vakar dienos oro prognoz\u0117s skelb\u0117, jog galimas plikledis.<\/p>\n<p>\u201eKasdien sudaromoje ir atnaujinamoje LHMT sinoptiko or\u0173 prognoz\u0117je vakar buvo para\u0161yta:<\/p>\n<p>Nakt\u012f vietomis trumpi, nedideli krituliai. Kai kur plikledis. Vietomis r\u016bkas. V\u0117jas \u0161iaur\u0117s vakar\u0173, vakar\u0173, 6\u201311 m\/s. \u017demiausia temperat\u016bra nuo minus 3 iki plius 2 \u00b0C, paj\u016bryje plius 3\u20135 \u00b0C.<\/p>\n<p>Taip pat prognoz\u0117 dar ketvirtadienio dien\u0105 buvo \u012fkelta \u012f meteo.lt svetain\u0119 (https:\/\/www.meteo.lt\/prognozes\/specialisto-komentaras\/ ) bei ja pasidalinome savo soc. tinkl\u0173 paskyroje (https:\/\/www.facebook.com\/MeteoLT\/videos\/587240243974168).<\/p>\n<p>Taigi, teiginys \u201eni\u010dnieko pana\u0161aus nerod\u0117 ir ne\u017ead\u0117jo jokios or\u0173 prognoz\u0117s\u201d yra klaidinantis. LHMT budin\u010dio sinoptiko buvo prognozuotas tiek plikledis, tiek neigiama ir artima 0 laipsni\u0173 temperat\u016bra, kuriai esant formuojasi plikledis ir juodasis ledas.<\/p>\n<p>Taip pat apie tai, jog bus slidu m\u016bs\u0173 Tarnybos informacija (arba remiantis ja) pasidalino straipsniais daugelis \u0161alies naujien\u0173 portal\u0173 (ketvirtadienio ryt\u0105 \/ dien\u0105), tame tarpe buvo ra\u0161yta ir portale \u201eKas vyksta Kaune\u201c, \u2013 komentavo G. Valaika.<\/p>\n<\/p><\/div>\n<p><br \/>\n<br \/><a href=\"https:\/\/kaunas.kasvyksta.lt\/2024\/11\/15\/eismas\/del-slidziu-gatviu-savivaldybe-pamelavo-budintis-sinoptikas-prognozavo-plikledi\/\">Source link <\/a><\/p>\n","protected":false},"excerpt":{"rendered":"<p>\u0160\u012f ryt\u0105 d\u0117l plikled\u017eio eismas Kaune buvo visi\u0161kai paraly\u017euotas. Netrukus Kauno savivaldyb\u0117 parei\u0161k\u0117, jog i\u0161 ryto bud\u0117jo \u201eKauno \u0161vara\u201c ir tokios situacijos numatyti negal\u0117jo. Visgi meteoreologas\u00a0 Gytis Valaika portalui teig\u0117, jog tokie savivaldyb\u0117s teiginiai \u2013 visi\u0161kai klaidinantys. Kaip ra\u0161\u0117 portalas \u201eKas vyksta Kaune\u201d, apie avarijas skaitytojai prane\u0161\u0117 nuo pat ryto \u2013 avarijos fiksuotos tiek pagrindin\u0117se [&hellip;]<\/p>\n","protected":false},"author":1,"featured_media":729,"comment_status":"open","ping_status":"open","sticky":false,"template":"","format":"standard","meta":{"om_disable_all_campaigns":false,"_monsterinsights_skip_tracking":false,"_monsterinsights_sitenote_active":false,"_monsterinsights_sitenote_note":"","_monsterinsights_sitenote_category":0,"footnotes":""},"categories":[265],"tags":[1228,53,289,1231,1230,1229,868],"class_list":["post-728","post","type-post","status-publish","format-standard","has-post-thumbnail","hentry","category-salies-naujienos","tag-budintis","tag-kas","tag-kaune","tag-plikledi","tag-prognozavo","tag-sinoptikas","tag-vyksta"],"aioseo_notices":[],"_links":{"self":[{"href":"https:\/\/www.savitaspasaulis.lt\/index.php\/wp-json\/wp\/v2\/posts\/728","targetHints":{"allow":["GET"]}}],"collection":[{"href":"https:\/\/www.savitaspasaulis.lt\/index.php\/wp-json\/wp\/v2\/posts"}],"about":[{"href":"https:\/\/www.savitaspasaulis.lt\/index.php\/wp-json\/wp\/v2\/types\/post"}],"author":[{"embeddable":true,"href":"https:\/\/www.savitaspasaulis.lt\/index.php\/wp-json\/wp\/v2\/users\/1"}],"replies":[{"embeddable":true,"href":"https:\/\/www.savitaspasaulis.lt\/index.php\/wp-json\/wp\/v2\/comments?post=728"}],"version-history":[{"count":0,"href":"https:\/\/www.savitaspasaulis.lt\/index.php\/wp-json\/wp\/v2\/posts\/728\/revisions"}],"wp:featuredmedia":[{"embeddable":true,"href":"https:\/\/www.savitaspasaulis.lt\/index.php\/wp-json\/wp\/v2\/media\/729"}],"wp:attachment":[{"href":"https:\/\/www.savitaspasaulis.lt\/index.php\/wp-json\/wp\/v2\/media?parent=728"}],"wp:term":[{"taxonomy":"category","embeddable":true,"href":"https:\/\/www.savitaspasaulis.lt\/index.php\/wp-json\/wp\/v2\/categories?post=728"},{"taxonomy":"post_tag","embeddable":true,"href":"https:\/\/www.savitaspasaulis.lt\/index.php\/wp-json\/wp\/v2\/tags?post=728"}],"curies":[{"name":"wp","href":"https:\/\/api.w.org\/{rel}","templated":true}]}}