{"id":776,"date":"2024-11-20T11:48:54","date_gmt":"2024-11-20T11:48:54","guid":{"rendered":"https:\/\/www.savitaspasaulis.lt\/index.php\/2024\/11\/20\/seksualiniais-nusikaltimais-pries-vaikus-kaltinamo-k-bartoseviciaus-byloje-apklausta-jo-motina-ir-sesuo-kas-vyksta-kaune\/"},"modified":"2024-11-20T11:48:54","modified_gmt":"2024-11-20T11:48:54","slug":"seksualiniais-nusikaltimais-pries-vaikus-kaltinamo-k-bartoseviciaus-byloje-apklausta-jo-motina-ir-sesuo-kas-vyksta-kaune","status":"publish","type":"post","link":"https:\/\/www.savitaspasaulis.lt\/index.php\/2024\/11\/20\/seksualiniais-nusikaltimais-pries-vaikus-kaltinamo-k-bartoseviciaus-byloje-apklausta-jo-motina-ir-sesuo-kas-vyksta-kaune\/","title":{"rendered":"Seksualiniais nusikaltimais prie\u0161 vaikus kaltinamo K. Barto\u0161evi\u010diaus byloje apklausta jo motina ir sesuo \u2013 Kas vyksta Kaune"},"content":{"rendered":"<p> <br \/>\n<\/p>\n<div>\n<p><strong>Panev\u0117\u017eio apygardos teismui toliau nagrin\u0117jant seksualiniais nusikaltimais prie\u0161 vaikus kaltinamo buvusio Seimo nario Kristijono Barto\u0161evi\u010diaus byl\u0105, tre\u010diadien\u012f apklausta kaltinamojo motina ir sesuo. Teismo pos\u0117d\u017eio metu K. Barto\u0161evi\u010diaus advokatas Olegas \u0160ibkovas papra\u0161\u0117 nuo bylos nu\u0161alinti prokuror\u0105 Donat\u0105 Skrebi\u0161k\u012f.<\/strong><\/p>\n<p>\u201eTeismo pos\u0117dyje buvo apklausta kaltinamojo K. Barto\u0161evi\u010diaus motina ir sesuo\u201c, \u2013 Eltai sak\u0117 Panev\u0117\u017eio apygardos teismo atstov\u0117s Jolita Gudelien\u0117.<\/p>\n<p>Kadangi byla nagrin\u0117jama u\u017e u\u017edar\u0173 dur\u0173, \u0161i\u0173 liudytoj\u0173 parodymai nekomentuojami.<\/p>\n<p>Pasak teismo atstov\u0117s, tre\u010diadien\u012f K. Barto\u0161evi\u010diaus gyn\u0117jas O. \u0160ibkovas pateik\u0117 pra\u0161ym\u0105 teismui nu\u0161alinti nuo bylos prokuror\u0105 D. Skrebi\u0161k\u012f.<\/p>\n<p>\u201ePra\u0161ymo argumentas buvo toks, kad prokuroras gali \u017einoti daugiau su \u012fvykiais susijusi\u0173 aplinkybi\u0173 negu yra nurodoma byloje\u201c, \u2013 teig\u0117 J. Gudelien\u0117.<\/p>\n<p>Teismas sprendim\u0105 d\u0117l pra\u0161ymo nu\u0161alinti prokuror\u0105 skelbs lapkri\u010dio 22 d.<\/p>\n<p>Kadangi K. Barto\u0161evi\u010diui pateikti kaltinimai yra susij\u0119 su galimai padarytais seksualiniais nusikaltimais prie\u0161 vaikus, teismo pos\u0117d\u017eiai vyksta u\u017e u\u017edar\u0173 dur\u0173.<\/p>\n<p>ELTA primena, kad pernai liep\u0105 baigtas ikiteisminis tyrimas buvusio parlamentaro K. Barto\u0161evi\u010diaus at\u017evilgiu, byla d\u0117l galim\u0173 seksualini\u0173 nusikaltim\u0173 prie\u0161 vaikus perduota teismui. K. Barto\u0161evi\u010dius kaltinamas vaik\u0173 seksualiniu prievartavimu (2 epizodai), jaunesnio negu 16 met\u0173 am\u017eiaus asmens tvirkinimu (4 epizodai) ir ma\u017eame\u010di\u0173 vaik\u0173 nesunkiu sveikatos sutrikdymu (4 epizodai). Eksparlamentaras kalt\u0119 neigia.<\/p>\n<p>Prokurat\u016bros duomenimis, byloje yra keturi nukent\u0117jusieji, kurie galimai prie\u0161 juos padaryt\u0173 nusikaltim\u0173 metu, buvo nepilname\u010diai.<\/p>\n<p>Tuometinis T\u0117vyn\u0117s s\u0105jungos-Lietuvos krik\u0161\u010dioni\u0173 demokrat\u0173 frakcijos Seime narys K. Barto\u0161evi\u010dius apie tai, kad atsisako Seimo nario mandato d\u0117l asmenini\u0173 prie\u017eas\u010di\u0173 prane\u0161\u0117 pernai sausio 23 dien\u0105. V\u0117liau, t\u0105dien, prokurat\u016bra prane\u0161\u0117 apie jo at\u017evilgiu prad\u0117t\u0105 tyrim\u0105 d\u0117l galim\u0173 seksualini\u0173 nusikaltim\u0173 prie\u0161 nepilname\u010dius asmenis.<\/p>\n<p>Prokurat\u016bros teigimu, turimi ikiteisminio tyrimo duomenys leid\u017eia \u012ftarti, kad nusikalstamos veikos buvo \u012fvykdytos \u012ftariamajam einant Seimo nario pareigas.<\/p>\n<p>Gytis Pank\u016bnas (ELTA)<\/p>\n<\/p><\/div>\n<p><br \/>\n<br \/><a href=\"https:\/\/kaunas.kasvyksta.lt\/2024\/11\/20\/112\/seksualiniais-nusikaltimais-pries-vaikus-kaltinamo-k-bartoseviciaus-byloje-apklausta-jo-motina-ir-sesuo\/\">Source link <\/a><\/p>\n","protected":false},"excerpt":{"rendered":"<p>Panev\u0117\u017eio apygardos teismui toliau nagrin\u0117jant seksualiniais nusikaltimais prie\u0161 vaikus kaltinamo buvusio Seimo nario Kristijono Barto\u0161evi\u010diaus byl\u0105, tre\u010diadien\u012f apklausta kaltinamojo motina ir sesuo. Teismo pos\u0117d\u017eio metu K. Barto\u0161evi\u010diaus advokatas Olegas \u0160ibkovas papra\u0161\u0117 nuo bylos nu\u0161alinti prokuror\u0105 Donat\u0105 Skrebi\u0161k\u012f. \u201eTeismo pos\u0117dyje buvo apklausta kaltinamojo K. Barto\u0161evi\u010diaus motina ir sesuo\u201c, \u2013 Eltai sak\u0117 Panev\u0117\u017eio apygardos teismo atstov\u0117s Jolita [&hellip;]<\/p>\n","protected":false},"author":1,"featured_media":777,"comment_status":"open","ping_status":"open","sticky":false,"template":"","format":"standard","meta":{"om_disable_all_campaigns":false,"_monsterinsights_skip_tracking":false,"_monsterinsights_sitenote_active":false,"_monsterinsights_sitenote_note":"","_monsterinsights_sitenote_category":0,"footnotes":""},"categories":[265],"tags":[1302,1301,440,1300,53,289,1303,1298,622,1297,1304,1299,868],"class_list":["post-776","post","type-post","status-publish","format-standard","has-post-thumbnail","hentry","category-salies-naujienos","tag-apklausta","tag-bartoseviciaus","tag-byloje","tag-kaltinamo","tag-kas","tag-kaune","tag-motina","tag-nusikaltimais","tag-pries","tag-seksualiniais","tag-sesuo","tag-vaikus","tag-vyksta"],"aioseo_notices":[],"_links":{"self":[{"href":"https:\/\/www.savitaspasaulis.lt\/index.php\/wp-json\/wp\/v2\/posts\/776","targetHints":{"allow":["GET"]}}],"collection":[{"href":"https:\/\/www.savitaspasaulis.lt\/index.php\/wp-json\/wp\/v2\/posts"}],"about":[{"href":"https:\/\/www.savitaspasaulis.lt\/index.php\/wp-json\/wp\/v2\/types\/post"}],"author":[{"embeddable":true,"href":"https:\/\/www.savitaspasaulis.lt\/index.php\/wp-json\/wp\/v2\/users\/1"}],"replies":[{"embeddable":true,"href":"https:\/\/www.savitaspasaulis.lt\/index.php\/wp-json\/wp\/v2\/comments?post=776"}],"version-history":[{"count":0,"href":"https:\/\/www.savitaspasaulis.lt\/index.php\/wp-json\/wp\/v2\/posts\/776\/revisions"}],"wp:featuredmedia":[{"embeddable":true,"href":"https:\/\/www.savitaspasaulis.lt\/index.php\/wp-json\/wp\/v2\/media\/777"}],"wp:attachment":[{"href":"https:\/\/www.savitaspasaulis.lt\/index.php\/wp-json\/wp\/v2\/media?parent=776"}],"wp:term":[{"taxonomy":"category","embeddable":true,"href":"https:\/\/www.savitaspasaulis.lt\/index.php\/wp-json\/wp\/v2\/categories?post=776"},{"taxonomy":"post_tag","embeddable":true,"href":"https:\/\/www.savitaspasaulis.lt\/index.php\/wp-json\/wp\/v2\/tags?post=776"}],"curies":[{"name":"wp","href":"https:\/\/api.w.org\/{rel}","templated":true}]}}