{"id":924,"date":"2024-12-07T12:19:09","date_gmt":"2024-12-07T12:19:09","guid":{"rendered":"https:\/\/www.savitaspasaulis.lt\/index.php\/2024\/12\/07\/nacionalinis-jaunimo-choras-metus-uzbaigs-koncertais-kaune-ir-vilniuje-kas-vyksta-kaune\/"},"modified":"2024-12-07T12:19:09","modified_gmt":"2024-12-07T12:19:09","slug":"nacionalinis-jaunimo-choras-metus-uzbaigs-koncertais-kaune-ir-vilniuje-kas-vyksta-kaune","status":"publish","type":"post","link":"https:\/\/www.savitaspasaulis.lt\/index.php\/2024\/12\/07\/nacionalinis-jaunimo-choras-metus-uzbaigs-koncertais-kaune-ir-vilniuje-kas-vyksta-kaune\/","title":{"rendered":"Nacionalinis jaunimo choras metus u\u017ebaigs koncertais Kaune ir Vilniuje \u2013 Kas vyksta Kaune"},"content":{"rendered":"<p> <br \/>\n<\/p>\n<div>\n<p><strong>Prie\u0161 dvejus metus \u012fkurtas Lietuvos nacionalinis jaunimo choras ruo\u0161iasi paskutiniams met\u0173 koncertams, kuriuose skamb\u0117s \u017eymiausi\u0173 Baltijos ir \u0160iaur\u0117s \u0161ali\u0173 kompozitori\u0173 k\u016briniai. Muzika sujungs Skandinavijos j\u016br\u0173 ilges\u012f, tylias Lietuvos lop\u0161ines, Islandijos raiteli\u0173 karo dainas, kurdama harmoning\u0105 \u0160iaur\u0117s kult\u016br\u0173 s\u0105skamb\u012f.<\/strong><\/p>\n<p>Baigiamieji koncertai vyks gruod\u017eio 14 d. 19 val. Vilniaus evangelik\u0173 reformat\u0173 ba\u017eny\u010dioje ir gruod\u017eio 15 d. 18 val. Kauno arkivyskupijos sal\u0117je. <\/p>\n<p>\u0160iemet choro repertuaras atspind\u0117s \u0161iaurieti\u0161k\u0105 Baltijos ir \u0160iaur\u0117s Europos \u0161ali\u0173 dvasi\u0105 \u2013 koncerte skamb\u0117s kompozitori\u0173 \u0112riks E\u0161envalds, Ola Gjeilo, Bengt Oll\u00e9n, Jean Sibelius, Hreidar Ingi Thorsteinsson, Jurgio Kubiliaus, Evaldo Aleknos, Vytauto Mi\u0161kinio ir Vaclovo Augustino k\u016briniai, ra\u0161oma prane\u0161ime \u017einiasklaidai.<\/p>\n<p>Choras \u0161iemet jau koncertavo \u0160iauliuose, Marijampol\u0117je ir Taline (Estija), kur sureng\u0117 bendr\u0105 pasirodym\u0105 kartu su Estijos nacionaliniu jaunimo choru \u012fsp\u016bdingoje Niguliste ba\u017eny\u010dioje\u2013muziejuje. Taline chor\u0105 aplank\u0117 \u017eymus est\u0173 dirigentas, Europos chor\u0173 asociacijos viceprezidentas Raulis Talmaras, Lietuvos nacionalin\u012f jaunimo chor\u0105 mok\u0119s est\u0173 kalbos tarimo subtilybi\u0173 ir k\u016brini\u0173 interpretavimo.<\/p>\n<p>Lietuvos nacionalinis jaunimo choras \u2013 unikalus pagal geriausius Europos pavyzd\u017eius inicijuotas projektas, sub\u016br\u0119s jaunus dainininkus, choro dirigentus, muzikos pedagogus i\u0161 \u012fvairi\u0173 Lietuvos miest\u0173. <\/p>\n<p>Jaunimo chorui jau antrus metus vadovauja talentingas jaunosios kartos dirigentas Povilas Van\u017eodis, jam talkina chormeisteris Gabrielius Gaidamavi\u010dius. Su choristais dirba ir j\u0173 vokalin\u0119 technik\u0105 tobulina \u017eym\u016bs vokalo pedagogai i\u0161 Belgijos, Danijos, Suomijos, Vokietijos ir Lietuvos.<\/p>\n<p>Projekto tikslas \u2013 ugdyti jaunus choro entuziastus i\u0161 visos Lietuvos, sudaryti galimybes b\u016bsimiems chor\u0173 vadovams kelti kvalifikacija\u0328 dirbant su u\u017esienio lektoriais, sudaryti tinklaveikos ir bendradarbiavimo galimybes, pritraukti jaunus chorved\u017eius dirbti regionuose ir burtis naujiems chorams.<\/p>\n<p>Projektas rengiamas vykdant 2021\u20132030 met\u0173 Lietuvos Respublikos kult\u016bros ministerijos kult\u016bros ir k\u016brybingumo pl\u0117tros programos pa\u017eangos priemon\u0117s \u201eAuk\u0161tos menin\u0117s vert\u0117s, \u012fvairaus ir \u012ftraukaus kult\u016bros turinio prieinamumo didinimas\u201d veiklos \u201eKult\u016bros sektoriaus darbuotoj\u0173 kvalifikacijos tobulinimas\u201d Lietuvos nacionalinio kult\u016bros centro projekto \u201eKult\u016bros centr\u0173 darbuotoj\u0173 kvalifikacijos tobulinimas\u201d veikl\u0105 \u2013 \u201eK\u016brybin\u0117 laboratorija \u201eNacionalinis jaunimo choras\u201d (\u201eChanging Horizons\u201d).<\/p>\n<\/p><\/div>\n<p><br \/>\n<br \/><a href=\"https:\/\/kaunas.kasvyksta.lt\/2024\/12\/07\/renginiai\/nacionalinis-jaunimo-choras-metus-uzbaigs-koncertais-kaune-ir-vilniuje\/\">Source link <\/a><\/p>\n","protected":false},"excerpt":{"rendered":"<p>Prie\u0161 dvejus metus \u012fkurtas Lietuvos nacionalinis jaunimo choras ruo\u0161iasi paskutiniams met\u0173 koncertams, kuriuose skamb\u0117s \u017eymiausi\u0173 Baltijos ir \u0160iaur\u0117s \u0161ali\u0173 kompozitori\u0173 k\u016briniai. Muzika sujungs Skandinavijos j\u016br\u0173 ilges\u012f, tylias Lietuvos lop\u0161ines, Islandijos raiteli\u0173 karo dainas, kurdama harmoning\u0105 \u0160iaur\u0117s kult\u016br\u0173 s\u0105skamb\u012f. Baigiamieji koncertai vyks gruod\u017eio 14 d. 19 val. Vilniaus evangelik\u0173 reformat\u0173 ba\u017eny\u010dioje ir gruod\u017eio 15 d. 18 [&hellip;]<\/p>\n","protected":false},"author":1,"featured_media":925,"comment_status":"","ping_status":"","sticky":false,"template":"","format":"standard","meta":{"om_disable_all_campaigns":false,"_monsterinsights_skip_tracking":false,"_monsterinsights_sitenote_active":false,"_monsterinsights_sitenote_note":"","_monsterinsights_sitenote_category":0,"footnotes":""},"categories":[265],"tags":[1603,620,53,289,1605,769,1602,1604,1365,868],"class_list":["post-924","post","type-post","status-publish","format-standard","has-post-thumbnail","hentry","category-salies-naujienos","tag-choras","tag-jaunimo","tag-kas","tag-kaune","tag-koncertais","tag-metus","tag-nacionalinis","tag-uzbaigs","tag-vilniuje","tag-vyksta"],"aioseo_notices":[],"_links":{"self":[{"href":"https:\/\/www.savitaspasaulis.lt\/index.php\/wp-json\/wp\/v2\/posts\/924","targetHints":{"allow":["GET"]}}],"collection":[{"href":"https:\/\/www.savitaspasaulis.lt\/index.php\/wp-json\/wp\/v2\/posts"}],"about":[{"href":"https:\/\/www.savitaspasaulis.lt\/index.php\/wp-json\/wp\/v2\/types\/post"}],"author":[{"embeddable":true,"href":"https:\/\/www.savitaspasaulis.lt\/index.php\/wp-json\/wp\/v2\/users\/1"}],"replies":[{"embeddable":true,"href":"https:\/\/www.savitaspasaulis.lt\/index.php\/wp-json\/wp\/v2\/comments?post=924"}],"version-history":[{"count":0,"href":"https:\/\/www.savitaspasaulis.lt\/index.php\/wp-json\/wp\/v2\/posts\/924\/revisions"}],"wp:featuredmedia":[{"embeddable":true,"href":"https:\/\/www.savitaspasaulis.lt\/index.php\/wp-json\/wp\/v2\/media\/925"}],"wp:attachment":[{"href":"https:\/\/www.savitaspasaulis.lt\/index.php\/wp-json\/wp\/v2\/media?parent=924"}],"wp:term":[{"taxonomy":"category","embeddable":true,"href":"https:\/\/www.savitaspasaulis.lt\/index.php\/wp-json\/wp\/v2\/categories?post=924"},{"taxonomy":"post_tag","embeddable":true,"href":"https:\/\/www.savitaspasaulis.lt\/index.php\/wp-json\/wp\/v2\/tags?post=924"}],"curies":[{"name":"wp","href":"https:\/\/api.w.org\/{rel}","templated":true}]}}